{"id":39196,"date":"2025-09-26T10:47:52","date_gmt":"2025-09-26T08:47:52","guid":{"rendered":"https:\/\/www.studiogera.de\/001\/?p=39196"},"modified":"2025-09-26T10:47:53","modified_gmt":"2025-09-26T08:47:53","slug":"versammlung-mit-aufzug-am-27-september-2025","status":"publish","type":"post","link":"https:\/\/www.studiogera.de\/001\/2025\/09\/26\/versammlung-mit-aufzug-am-27-september-2025\/","title":{"rendered":"VERSAMMLUNG MIT AUFZUG AM 27. SEPTEMBER 2025"},"content":{"rendered":"\n<p>F\u00fcr Samstag, den 27. September 2025, ist eine Versammlung mit anschlie\u00dfendem Aufzug in der Geraer Innenstadt angemeldet. Die Stadtverwaltung erwartet in diesem Zusammenhang kurzzeitige Einschr\u00e4nkungen im Stra\u00dfenverkehr im Zeitraum von 13 Uhr bis zirka 18.30 Uhr.<\/p>\n\n\n\n<p>Der Aufzug verl\u00e4uft nach derzeitigem Stand \u00fcber folgende Strecke: Kuk-Vorplatz\u2014Dr.-Eckener-Stra\u00dfe\u2014Breitscheidstra\u00dfe\u2014Museumsplatz\u2014Kleine Kirchstra\u00dfe\u2014Marktplatz\u2014Gro\u00dfe Kirchstra\u00dfe\u2014Greizer Stra\u00dfe\u2014Stadtgraben\u2014Reichsstra\u00dfe\u2014Christian-Schmidt-Stra\u00dfe\u2014Talstra\u00dfe\u2014Heinrichstra\u00dfe\u2014Am Sommerbad\u2014Gebr\u00fcder-H\u00e4u\u00dfler-Stra\u00dfe\u2014Neue Stra\u00dfe\u2014Parkstra\u00dfe\u2014K\u00fcchengartenallee\u2014Theaterplatz\u2014Ernst-Toller-Stra\u00dfe\u2014Puschkinplatz\u2014De-Smit-Stra\u00dfe\u2014Breitscheidstra\u00dfe\u2014Dr.-Eckener-Stra\u00dfe\u2014Kuk-Vorplatz.<\/p>\n\n\n\n<p>Auf dem Marktplatz wird eine erste, auf dem Theaterplatz eine zweite Kundgebung abgehalten.<\/p>\n\n\n\n<p>Es ist zum heutigen Zeitpunkt nicht ausgeschlossen, dass einzelne Stra\u00dfenabschnitte kurzfristig gesperrt werden m\u00fcssen. \u00dcber etwaige \u00c4nderungen wird die Stadtverwaltung rechtzeitig informieren.<\/p>\n\n\n\n<p>Die Stadtverwaltung bittet alle Verkehrsteilnehmer um Beachtung.<\/p>\n\n\n\n<p>QUELLE: STADTVERWALTUNG<\/p>\n","protected":false},"excerpt":{"rendered":"<div class=\"mh-excerpt\"><p>F\u00fcr Samstag, den 27. September 2025, ist eine Versammlung mit anschlie\u00dfendem Aufzug in der Geraer Innenstadt angemeldet. Die Stadtverwaltung erwartet in diesem Zusammenhang kurzzeitige Einschr\u00e4nkungen im Stra\u00dfenverkehr im Zeitraum von 13 Uhr bis zirka 18.30 <a class=\"mh-excerpt-more\" href=\"https:\/\/www.studiogera.de\/001\/2025\/09\/26\/versammlung-mit-aufzug-am-27-september-2025\/\" title=\"VERSAMMLUNG MIT AUFZUG AM 27. SEPTEMBER 2025\">[&#8230;]<\/a><\/p>\n<\/div>","protected":false},"author":2,"featured_media":39198,"comment_status":"open","ping_status":"open","sticky":false,"template":"","format":"standard","meta":{"footnotes":""},"categories":[3],"tags":[],"class_list":{"0":"post-39196","1":"post","2":"type-post","3":"status-publish","4":"format-standard","5":"has-post-thumbnail","7":"category-lokal"},"_links":{"self":[{"href":"https:\/\/www.studiogera.de\/001\/wp-json\/wp\/v2\/posts\/39196","targetHints":{"allow":["GET"]}}],"collection":[{"href":"https:\/\/www.studiogera.de\/001\/wp-json\/wp\/v2\/posts"}],"about":[{"href":"https:\/\/www.studiogera.de\/001\/wp-json\/wp\/v2\/types\/post"}],"author":[{"embeddable":true,"href":"https:\/\/www.studiogera.de\/001\/wp-json\/wp\/v2\/users\/2"}],"replies":[{"embeddable":true,"href":"https:\/\/www.studiogera.de\/001\/wp-json\/wp\/v2\/comments?post=39196"}],"version-history":[{"count":2,"href":"https:\/\/www.studiogera.de\/001\/wp-json\/wp\/v2\/posts\/39196\/revisions"}],"predecessor-version":[{"id":39199,"href":"https:\/\/www.studiogera.de\/001\/wp-json\/wp\/v2\/posts\/39196\/revisions\/39199"}],"wp:featuredmedia":[{"embeddable":true,"href":"https:\/\/www.studiogera.de\/001\/wp-json\/wp\/v2\/media\/39198"}],"wp:attachment":[{"href":"https:\/\/www.studiogera.de\/001\/wp-json\/wp\/v2\/media?parent=39196"}],"wp:term":[{"taxonomy":"category","embeddable":true,"href":"https:\/\/www.studiogera.de\/001\/wp-json\/wp\/v2\/categories?post=39196"},{"taxonomy":"post_tag","embeddable":true,"href":"https:\/\/www.studiogera.de\/001\/wp-json\/wp\/v2\/tags?post=39196"}],"curies":[{"name":"wp","href":"https:\/\/api.w.org\/{rel}","templated":true}]}}