{"id":39202,"date":"2025-09-27T02:47:22","date_gmt":"2025-09-27T00:47:22","guid":{"rendered":"https:\/\/www.studiogera.de\/001\/?p=39202"},"modified":"2025-09-27T02:47:22","modified_gmt":"2025-09-27T00:47:22","slug":"fortbildung-fuer-den-krisenfall","status":"publish","type":"post","link":"https:\/\/www.studiogera.de\/001\/2025\/09\/27\/fortbildung-fuer-den-krisenfall\/","title":{"rendered":"FORTBILDUNG F\u00dcR DEN KRISENFALL"},"content":{"rendered":"\n<p><em>Rund 50 Mitarbeiter der Stadtverwaltung nahmen an einer ganzt\u00e4gigen Schulung des Bundesamts f\u00fcr Bev\u00f6lkerungsschutz und Katastrophenhilfe teil. Bei der Fortbildung im Rathaus stand das Krisenmanagement im Fokus.<\/em><\/p>\n\n\n\n<p>Wie gelingt effektives Verwaltungshandeln im Krisenfall? Mit dieser Fragestellung besch\u00e4ftigten sich am Montag, den 22. September 2025, rund 50 Mitarbeiter der Stadtverwaltung im Rahmen einer ganzt\u00e4gigen Fortbildung im Rathaussaal. Die Schulung wurde vom Bundesamt f\u00fcr Bev\u00f6lkerungsschutz und Katastrophenhilfe (BABZ) durchgef\u00fchrt und widmete sich dem Thema \u201eKrisenmanagement f\u00fcr die administrativ-organisatorische Komponente von Kreisen und kreisfreien St\u00e4dten\u201c. Unter der Leitung von Ulf Kr\u00fcger vom BABZ wurden zentrale Aspekte des Krisenmanagements vermittelt.<\/p>\n\n\n\n<p>Im Fokus standen insbesondere die Strukturen, Abl\u00e4ufe und Entscheidungswege innerhalb der Verwaltung im Falle au\u00dfergew\u00f6hnlicher Ereignisse wie u. a. Naturkatastrophen, technische Gro\u00dfsch\u00e4den, Gesundheitskrisen, Versorgungsengp\u00e4sse oder Anschl\u00e4ge jeglicher Art. Ziel der Fortbildung ist es, die Handlungsf\u00e4higkeit der Stadtverwaltung in Krisensituationen zu st\u00e4rken, Zust\u00e4ndigkeiten eindeutig zu regeln und die bereichs\u00fcbergreifende Zusammenarbeit in der Krisenpr\u00e4vention und Krisenbew\u00e4ltigung zu optimieren. Oberb\u00fcrgermeister Kurt Dannenberg betonte in diesem Zusammenhang die Relevanz einer gut vorbereiteten Verwaltung:<\/p>\n\n\n\n<blockquote class=\"wp-block-quote is-layout-flow wp-block-quote-is-layout-flow\">\n<p>\u201eUnsere Verantwortung gegen\u00fcber den B\u00fcrgerinnen und B\u00fcrgern begrenzt sich nicht auf allt\u00e4gliche Beh\u00f6rdenabl\u00e4ufe oder Dienstleistungen \u2013 sie zeigt sich besonders in der Krise. Mit dieser Fortbildung schaffen wir wichtige Grundlagen f\u00fcr schnelles und koordiniertes Handeln.\u201c<\/p>\n<\/blockquote>\n\n\n\n<p>Vorausschauende Vorbereitung, geschulte Mitarbeitende und klar definierte Abl\u00e4ufe seien entscheidend, um im Ernstfall schnell, koordiniert sowie wirksam agieren und einen aktiven Beitrag zur Sicherheit der B\u00fcrger leisten zu k\u00f6nnen.<\/p>\n\n\n\n<p>Die Veranstaltung basiert auf der vom BABZ in enger Zusammenarbeit mit der Th\u00fcringer Landesfeuerwehr- und Katastrophenschutzschule erarbeiteten Schulungsunterlage. Diese dient dem grundlegenden Verst\u00e4ndnis der Arbeitsweise von Verwaltungsst\u00e4ben im Bereich Bev\u00f6lkerungsschutz und vermittelt die wichtigsten Prozesse und Abl\u00e4ufe im Krisenfall.<\/p>\n\n\n\n<p>QUELLE: STADTVERWALTUNG<\/p>\n","protected":false},"excerpt":{"rendered":"<div class=\"mh-excerpt\"><p>Rund 50 Mitarbeiter der Stadtverwaltung nahmen an einer ganzt\u00e4gigen Schulung des Bundesamts f\u00fcr Bev\u00f6lkerungsschutz und Katastrophenhilfe teil. Bei der Fortbildung im Rathaus stand das Krisenmanagement im Fokus. Wie gelingt effektives Verwaltungshandeln im Krisenfall? Mit dieser <a class=\"mh-excerpt-more\" href=\"https:\/\/www.studiogera.de\/001\/2025\/09\/27\/fortbildung-fuer-den-krisenfall\/\" title=\"FORTBILDUNG F\u00dcR DEN KRISENFALL\">[&#8230;]<\/a><\/p>\n<\/div>","protected":false},"author":2,"featured_media":35078,"comment_status":"open","ping_status":"open","sticky":false,"template":"","format":"standard","meta":{"footnotes":""},"categories":[3],"tags":[],"class_list":{"0":"post-39202","1":"post","2":"type-post","3":"status-publish","4":"format-standard","5":"has-post-thumbnail","7":"category-lokal"},"_links":{"self":[{"href":"https:\/\/www.studiogera.de\/001\/wp-json\/wp\/v2\/posts\/39202","targetHints":{"allow":["GET"]}}],"collection":[{"href":"https:\/\/www.studiogera.de\/001\/wp-json\/wp\/v2\/posts"}],"about":[{"href":"https:\/\/www.studiogera.de\/001\/wp-json\/wp\/v2\/types\/post"}],"author":[{"embeddable":true,"href":"https:\/\/www.studiogera.de\/001\/wp-json\/wp\/v2\/users\/2"}],"replies":[{"embeddable":true,"href":"https:\/\/www.studiogera.de\/001\/wp-json\/wp\/v2\/comments?post=39202"}],"version-history":[{"count":2,"href":"https:\/\/www.studiogera.de\/001\/wp-json\/wp\/v2\/posts\/39202\/revisions"}],"predecessor-version":[{"id":39209,"href":"https:\/\/www.studiogera.de\/001\/wp-json\/wp\/v2\/posts\/39202\/revisions\/39209"}],"wp:featuredmedia":[{"embeddable":true,"href":"https:\/\/www.studiogera.de\/001\/wp-json\/wp\/v2\/media\/35078"}],"wp:attachment":[{"href":"https:\/\/www.studiogera.de\/001\/wp-json\/wp\/v2\/media?parent=39202"}],"wp:term":[{"taxonomy":"category","embeddable":true,"href":"https:\/\/www.studiogera.de\/001\/wp-json\/wp\/v2\/categories?post=39202"},{"taxonomy":"post_tag","embeddable":true,"href":"https:\/\/www.studiogera.de\/001\/wp-json\/wp\/v2\/tags?post=39202"}],"curies":[{"name":"wp","href":"https:\/\/api.w.org\/{rel}","templated":true}]}}