{"id":39204,"date":"2025-09-26T12:48:47","date_gmt":"2025-09-26T10:48:47","guid":{"rendered":"https:\/\/www.studiogera.de\/001\/?p=39204"},"modified":"2025-09-26T12:48:49","modified_gmt":"2025-09-26T10:48:49","slug":"verkehrsversuch-ohne-erhoffte-wirkung","status":"publish","type":"post","link":"https:\/\/www.studiogera.de\/001\/2025\/09\/26\/verkehrsversuch-ohne-erhoffte-wirkung\/","title":{"rendered":"VERKEHRSVERSUCH OHNE ERHOFFTE WIRKUNG"},"content":{"rendered":"\n<p>Am Donnerstag, den 25. September 2025, wurde die als Verkehrsversuch eingerichtete Engstelle in Frankenthal kurzfristig ber\u00e4umt. Nach bisheriger Beobachtung sowie Auswertung des Verkehrsgeschehens wurde festgestellt, dass der Verkehrsversuch in seiner jetzigen Form nicht den gew\u00fcnschten Effekt erzielt.<\/p>\n\n\n\n<p>Anfang September war die Fahrspur im Abschnitt zwischen der Frankenthaler Stra\u00dfe 95 und 99 testweise eingeengt worden. Ziel der Ma\u00dfnahme war es, die Verkehrssituation zu entschleunigen und damit die Verkehrssicherheit zu erh\u00f6hen. Die Stadtverwaltung wird nun gemeinsam mit dem Ortsteilrat weitere Ma\u00dfnahmen beraten.<\/p>\n\n\n\n<p>QUELLE: STADTVERWALTUNG<\/p>\n","protected":false},"excerpt":{"rendered":"<div class=\"mh-excerpt\"><p>Am Donnerstag, den 25. September 2025, wurde die als Verkehrsversuch eingerichtete Engstelle in Frankenthal kurzfristig ber\u00e4umt. Nach bisheriger Beobachtung sowie Auswertung des Verkehrsgeschehens wurde festgestellt, dass der Verkehrsversuch in seiner jetzigen Form nicht den gew\u00fcnschten <a class=\"mh-excerpt-more\" href=\"https:\/\/www.studiogera.de\/001\/2025\/09\/26\/verkehrsversuch-ohne-erhoffte-wirkung\/\" title=\"VERKEHRSVERSUCH OHNE ERHOFFTE WIRKUNG\">[&#8230;]<\/a><\/p>\n<\/div>","protected":false},"author":2,"featured_media":38855,"comment_status":"open","ping_status":"open","sticky":false,"template":"","format":"standard","meta":{"footnotes":""},"categories":[3],"tags":[],"class_list":{"0":"post-39204","1":"post","2":"type-post","3":"status-publish","4":"format-standard","5":"has-post-thumbnail","7":"category-lokal"},"_links":{"self":[{"href":"https:\/\/www.studiogera.de\/001\/wp-json\/wp\/v2\/posts\/39204","targetHints":{"allow":["GET"]}}],"collection":[{"href":"https:\/\/www.studiogera.de\/001\/wp-json\/wp\/v2\/posts"}],"about":[{"href":"https:\/\/www.studiogera.de\/001\/wp-json\/wp\/v2\/types\/post"}],"author":[{"embeddable":true,"href":"https:\/\/www.studiogera.de\/001\/wp-json\/wp\/v2\/users\/2"}],"replies":[{"embeddable":true,"href":"https:\/\/www.studiogera.de\/001\/wp-json\/wp\/v2\/comments?post=39204"}],"version-history":[{"count":1,"href":"https:\/\/www.studiogera.de\/001\/wp-json\/wp\/v2\/posts\/39204\/revisions"}],"predecessor-version":[{"id":39205,"href":"https:\/\/www.studiogera.de\/001\/wp-json\/wp\/v2\/posts\/39204\/revisions\/39205"}],"wp:featuredmedia":[{"embeddable":true,"href":"https:\/\/www.studiogera.de\/001\/wp-json\/wp\/v2\/media\/38855"}],"wp:attachment":[{"href":"https:\/\/www.studiogera.de\/001\/wp-json\/wp\/v2\/media?parent=39204"}],"wp:term":[{"taxonomy":"category","embeddable":true,"href":"https:\/\/www.studiogera.de\/001\/wp-json\/wp\/v2\/categories?post=39204"},{"taxonomy":"post_tag","embeddable":true,"href":"https:\/\/www.studiogera.de\/001\/wp-json\/wp\/v2\/tags?post=39204"}],"curies":[{"name":"wp","href":"https:\/\/api.w.org\/{rel}","templated":true}]}}