{"id":39206,"date":"2025-09-27T02:40:03","date_gmt":"2025-09-27T00:40:03","guid":{"rendered":"https:\/\/www.studiogera.de\/001\/?p=39206"},"modified":"2025-09-27T11:05:02","modified_gmt":"2025-09-27T09:05:02","slug":"veranstaltungen-am-samstag-114","status":"publish","type":"post","link":"https:\/\/www.studiogera.de\/001\/2025\/09\/27\/veranstaltungen-am-samstag-114\/","title":{"rendered":"VERANSTALTUNGEN AM SAMSTAG"},"content":{"rendered":"\n<p>Von 8 Uhr bis 13.30 Uhr findet der zehnte H\u00f6hlerfestlauf in Gera statt. Der Start- und Zielpunkt befindet sich an der Panndorfhalle.<\/p>\n\n\n\n<p>Im Kultur- und Kongresszentrum referieren beim dritten Autismus-Kongress Fachleute aus Theorie und Praxis. Die Veranstaltung dauert von 8 Uhr bis 18 Uhr.<\/p>\n\n\n\n<p>In Milbitz, Thieschitz und Rubitz wird das f\u00fcnfte Saftfest gefeiert. Es beginnt um 10 Uhr mit dem Erntedank-Gottesdienst in der Thieschitzer Kirche. Der anschlie\u00dfende Umzug endet gegen 12 Uhr auf dem Festgel\u00e4nde in Gera-Rubitz mit der feierlichen Fest-Er\u00f6ffnung. Neben einem reichhaltigen Kulturprogramm erwartet Sie ein vielf\u00e4ltiges Angebot regionaler Produkte: M\u00fchlen- und G\u00e4rtnereiprodukte, Dekoratives aus Holz und Keramik, Seife, Marmelade, Honig und nat\u00fcrlich eine gro\u00dfe Auswahl an Fruchts\u00e4ften. F\u00fcr das leibliche Wohl wird mit Suppe im Brotlaib, Rostern, Br\u00e4teln, Putenspezialit\u00e4ten, Fischbr\u00f6tchen, Waffeln, Eis und Getr\u00e4nken gesorgt sein. Die Veranstaltung endet um 20 Uhr.<\/p>\n\n\n\n<p>Um 11 Uhr beginnt ein einst\u00fcndiger \u00f6ffentlicher Rundgang durch die Altstadt. Treffpunkt ist die Gera-Information.<\/p>\n\n\n\n<p>Die LGBTQ-Gemeinde begeht von 13 Uhr bis 18 Uhr den Christopher-Street-Day. Versammlungsort ist der Platz vor dem Kultur- und Kongresszentrum. Geplant ist ein Aufzug durch die Stadt mit Kundgebungen auf dem Marktplatz und Theaterplatz.<\/p>\n\n\n\n<p>Im Museum f\u00fcr Angewandte Kunst beginnt um 14 Uhr die Samstagsf\u00fchrung durch die Sonderausstellung \u00fcber Textilmuster.<\/p>\n\n\n\n<p>Das heute von Leerstand, Abriss, Verfall, aber auch prachtvollen Villen gepr\u00e4gte Quartier zwischen Reichsstra\u00dfe und M\u00fchlgraben ist Thema der F\u00fchrung \u201eVom Stadtgraben zur Wasserkunst\u201c. Treffpunkt ist die Ampelkreuzung Stadtgraben\/Reichsstra\u00dfe um 14 Uhr.<\/p>\n\n\n\n<p>Die erste M\u00e4nnermannschaft der Ballsportgemeinschaft Wismut Gera tritt um 15 Uhr im Stadion am Steg gegen den FSV Schleiz an.<\/p>\n\n\n\n<p>Beim Oktoberfest auf dem Langenberger Sportplatz d\u00fcrfen sich die Besucher auf Musik, Tanz und z\u00fcnftiges Essen freuen. Das gro\u00dfe Festzelt \u00f6ffnet sich um 17.30 Uhr.<\/p>\n\n\n\n<p>Im Spiegelzelt im ehemaligen reu\u00dfischen Hof- und Kammergut findet die Variet\u00e9-Show \u201eHotel Tropical\u201c statt \u2014 eine Veranstaltung, die das Spiegelzelt in ein stilvolles Art-Deco-Hotel verwandelt und ein unvergessliches Urlaubserlebnis mit internationalen Artistik, Musik sowie exotischen Cocktails bietet. Die Nachmittagsauff\u00fchrung beginnt um 15 Uhr mit Einlass um 14 Uhr, das Abendprogramm um 20 Uhr mit Einlass um 19 Uhr. Das Programm dauert jewels zwei Stunden.<\/p>\n\n\n\n<p>Zum Spieletreff in die Eisenbahnstra\u00dfe 5 sind Interessierte von 18 Uhr bis 22 Uhr eingeladen.<\/p>\n\n\n\n<p>Das Restaurant \u201eGummistiefel\u201c in der Berliner Stra\u00dfe l\u00e4dt von 19 Uhr bis 23 Uhr zum Las-Vegas-Dinner-Abend ein.<\/p>\n\n\n\n<p>Von 20 Uhr bis 22.15 Uhr f\u00fchrt das Kabarett Fettn\u00e4ppchen im Rathauskeller das St\u00fcck \u201eWer hat denn am Rad gedreht?!\u201c auf. Auf der B\u00fchne stehen Eva-Maria Fastenau, Sascha Kiesewetter und Michael Seeboth.<\/p>\n\n\n\n<p>Im Kulturhaus H\u00e4selburg in der Florian-Geyer-Stra\u00dfe 17 wird von 19 Uhr bis 22 Uhr Jazz-Musik gespielt.<\/p>\n\n\n\n<p>Die Diskothek im Kulturhaus Heinrichsbr\u00fccke \u00f6ffnet um 22 Uhr. Es stehen f\u00fcnf Tanzfl\u00e4chen zur Verf\u00fcgung. Der Zutritt ist erst ab einem Alter von 18 Jahren m\u00f6glich.<\/p>\n","protected":false},"excerpt":{"rendered":"<div class=\"mh-excerpt\"><p>Von 8 Uhr bis 13.30 Uhr findet der zehnte H\u00f6hlerfestlauf in Gera statt. Der Start- und Zielpunkt befindet sich an der Panndorfhalle. Im Kultur- und Kongresszentrum referieren beim dritten Autismus-Kongress Fachleute aus Theorie und Praxis. <a class=\"mh-excerpt-more\" href=\"https:\/\/www.studiogera.de\/001\/2025\/09\/27\/veranstaltungen-am-samstag-114\/\" title=\"VERANSTALTUNGEN AM SAMSTAG\">[&#8230;]<\/a><\/p>\n<\/div>","protected":false},"author":2,"featured_media":35598,"comment_status":"open","ping_status":"open","sticky":false,"template":"","format":"standard","meta":{"footnotes":""},"categories":[16],"tags":[],"class_list":{"0":"post-39206","1":"post","2":"type-post","3":"status-publish","4":"format-standard","5":"has-post-thumbnail","7":"category-kurzmitteilungen"},"_links":{"self":[{"href":"https:\/\/www.studiogera.de\/001\/wp-json\/wp\/v2\/posts\/39206","targetHints":{"allow":["GET"]}}],"collection":[{"href":"https:\/\/www.studiogera.de\/001\/wp-json\/wp\/v2\/posts"}],"about":[{"href":"https:\/\/www.studiogera.de\/001\/wp-json\/wp\/v2\/types\/post"}],"author":[{"embeddable":true,"href":"https:\/\/www.studiogera.de\/001\/wp-json\/wp\/v2\/users\/2"}],"replies":[{"embeddable":true,"href":"https:\/\/www.studiogera.de\/001\/wp-json\/wp\/v2\/comments?post=39206"}],"version-history":[{"count":3,"href":"https:\/\/www.studiogera.de\/001\/wp-json\/wp\/v2\/posts\/39206\/revisions"}],"predecessor-version":[{"id":39225,"href":"https:\/\/www.studiogera.de\/001\/wp-json\/wp\/v2\/posts\/39206\/revisions\/39225"}],"wp:featuredmedia":[{"embeddable":true,"href":"https:\/\/www.studiogera.de\/001\/wp-json\/wp\/v2\/media\/35598"}],"wp:attachment":[{"href":"https:\/\/www.studiogera.de\/001\/wp-json\/wp\/v2\/media?parent=39206"}],"wp:term":[{"taxonomy":"category","embeddable":true,"href":"https:\/\/www.studiogera.de\/001\/wp-json\/wp\/v2\/categories?post=39206"},{"taxonomy":"post_tag","embeddable":true,"href":"https:\/\/www.studiogera.de\/001\/wp-json\/wp\/v2\/tags?post=39206"}],"curies":[{"name":"wp","href":"https:\/\/api.w.org\/{rel}","templated":true}]}}