{"id":39212,"date":"2025-09-27T02:59:56","date_gmt":"2025-09-27T00:59:56","guid":{"rendered":"https:\/\/www.studiogera.de\/001\/?p=39212"},"modified":"2025-09-27T02:59:58","modified_gmt":"2025-09-27T00:59:58","slug":"drittes-gespraech-zur-entwicklung-der-stadt","status":"publish","type":"post","link":"https:\/\/www.studiogera.de\/001\/2025\/09\/27\/drittes-gespraech-zur-entwicklung-der-stadt\/","title":{"rendered":"DRITTES GESPR\u00c4CH ZUR ENTWICKLUNG DER STADT"},"content":{"rendered":"\n<p><em>Themenschwerpunkte sind das Wohnen und die Kommunale W\u00e4rmeplanung.<\/em><\/p>\n\n\n\n<p>Nach dem erfolgreichen Auftakt im April und einer ebenso gut besuchten Folgeveranstaltung im Juni steht nun das dritte Stadtentwicklungsgespr\u00e4ch 2025 auf dem Programm. Im Fokus steht dabei unter anderem das Thema der Auswahl der zuk\u00fcnftigen Wohnbaufl\u00e4chen f\u00fcr den in Neuaufstellung befindlichen Fl\u00e4chennutzungsplan 2045. Aus einer Vielzahl von gr\u00f6\u00dferen potentiellen Fl\u00e4chen sollen die f\u00fcr die Gesamtentwicklung besten Fl\u00e4chen gefunden werden. Das beauftragte Stadtplanungsb\u00fcro wird die Systematik f\u00fcr die Fl\u00e4chenvorauswahl vorstellen und erl\u00e4utern. Die vom Stadtrat beschlossene Entwicklungskonzeption Wohnen hat bereits Fragen wie \u201eWieviel und welcher Wohnraum wird Wo noch ben\u00f6tigt?\u201c, \u201eWo ist der Leerstand von Wohnraum besonders hoch?\u201c oder auch \u201eMit welchen Angeboten f\u00fcr eigentumsorientierten Wohnungsbau ist Gera auch zuk\u00fcnftig ein nachgefragter Standort?\u201c thematisiert und hierzu Handlungsschwerpunkte benannt. F\u00fcr ein nachvollziehbares Gesamtverst\u00e4ndnis werden noch einmal wesentliche Inhalte zusammenfassend vorgestellt.<\/p>\n\n\n\n<p>Passend dazu bildet die Kommunale W\u00e4rmeplanung der Stadt Gera den zweiten Schwerpunkt des Abends. Hier sollen nachhaltige und preisstabile L\u00f6sungen zur Energieversorgung von Wohn- und Gewerbebauten gefunden werden. Im dazugeh\u00f6rigen Workshop werden dazu die Energie- und W\u00e4rmeversorgungstruktur Geras nahegebracht und Chancen erneuerbarer und netzgebundener (W\u00e4rme-) Versorgung diskutiert. Ziel ist es, Synergieeffekte zwischen nutzbarer Abw\u00e4rme und W\u00e4rmebedarfen in der Umgebung sowie L\u00f6sungen f\u00fcr wirtschaftliche Energieeffizienzsteigerungen \u00fcber Sanierungen im Wohnungsbau und bei der Organisation gewerblicher Prozesse zu finden.<\/p>\n\n\n\n<p>Die rund dreist\u00fcndige Veranstaltung wird zun\u00e4chst mit einem informativen Impulsvortrag zur Bev\u00f6lkerungsprognose in Gera eingeleitet und dann in Workshops vertieft. Interessierte B\u00fcrger, die sich \u00fcber die angef\u00fchrten Thematiken informieren und mitdiskutieren wollen, sind am 9. Oktober 2025 dazu eingeladen, um 16.30 Uhr im Rathaussaal am n\u00e4chsten Stadtentwicklungsgespr\u00e4ch teilzunehmen. Es wird um eine Anmeldung \u00fcber \u201estadtplanung@gera.de\u201c gebeten.<\/p>\n\n\n\n<p>QUELLE: STADTVERWALTUNG<\/p>\n","protected":false},"excerpt":{"rendered":"<div class=\"mh-excerpt\"><p>Themenschwerpunkte sind das Wohnen und die Kommunale W\u00e4rmeplanung. Nach dem erfolgreichen Auftakt im April und einer ebenso gut besuchten Folgeveranstaltung im Juni steht nun das dritte Stadtentwicklungsgespr\u00e4ch 2025 auf dem Programm. Im Fokus steht dabei <a class=\"mh-excerpt-more\" href=\"https:\/\/www.studiogera.de\/001\/2025\/09\/27\/drittes-gespraech-zur-entwicklung-der-stadt\/\" title=\"DRITTES GESPR\u00c4CH ZUR ENTWICKLUNG DER STADT\">[&#8230;]<\/a><\/p>\n<\/div>","protected":false},"author":2,"featured_media":12749,"comment_status":"open","ping_status":"open","sticky":false,"template":"","format":"standard","meta":{"footnotes":""},"categories":[3],"tags":[],"class_list":{"0":"post-39212","1":"post","2":"type-post","3":"status-publish","4":"format-standard","5":"has-post-thumbnail","7":"category-lokal"},"_links":{"self":[{"href":"https:\/\/www.studiogera.de\/001\/wp-json\/wp\/v2\/posts\/39212","targetHints":{"allow":["GET"]}}],"collection":[{"href":"https:\/\/www.studiogera.de\/001\/wp-json\/wp\/v2\/posts"}],"about":[{"href":"https:\/\/www.studiogera.de\/001\/wp-json\/wp\/v2\/types\/post"}],"author":[{"embeddable":true,"href":"https:\/\/www.studiogera.de\/001\/wp-json\/wp\/v2\/users\/2"}],"replies":[{"embeddable":true,"href":"https:\/\/www.studiogera.de\/001\/wp-json\/wp\/v2\/comments?post=39212"}],"version-history":[{"count":1,"href":"https:\/\/www.studiogera.de\/001\/wp-json\/wp\/v2\/posts\/39212\/revisions"}],"predecessor-version":[{"id":39213,"href":"https:\/\/www.studiogera.de\/001\/wp-json\/wp\/v2\/posts\/39212\/revisions\/39213"}],"wp:featuredmedia":[{"embeddable":true,"href":"https:\/\/www.studiogera.de\/001\/wp-json\/wp\/v2\/media\/12749"}],"wp:attachment":[{"href":"https:\/\/www.studiogera.de\/001\/wp-json\/wp\/v2\/media?parent=39212"}],"wp:term":[{"taxonomy":"category","embeddable":true,"href":"https:\/\/www.studiogera.de\/001\/wp-json\/wp\/v2\/categories?post=39212"},{"taxonomy":"post_tag","embeddable":true,"href":"https:\/\/www.studiogera.de\/001\/wp-json\/wp\/v2\/tags?post=39212"}],"curies":[{"name":"wp","href":"https:\/\/api.w.org\/{rel}","templated":true}]}}