{"id":39214,"date":"2025-09-27T03:05:42","date_gmt":"2025-09-27T01:05:42","guid":{"rendered":"https:\/\/www.studiogera.de\/001\/?p=39214"},"modified":"2025-09-27T03:05:43","modified_gmt":"2025-09-27T01:05:43","slug":"gefaehrliche-fahrt-zeugen-und-geschaedigte-gesucht","status":"publish","type":"post","link":"https:\/\/www.studiogera.de\/001\/2025\/09\/27\/gefaehrliche-fahrt-zeugen-und-geschaedigte-gesucht\/","title":{"rendered":"GEF\u00c4HRLICHE FAHRT \u2014 ZEUGEN UND GESCH\u00c4DIGTE GESUCHT"},"content":{"rendered":"\n<p>Am Mittwochnachmittag, den 24. September 2025, besch\u00e4ftigte ein Transporterfahrer zahlreiche Einsatzkr\u00e4fte der Th\u00fcringer Polizei und gef\u00e4hrdete dabei mehrmals andere Verkehrsteilnehmer. Zwischen 14.10 Uhr und 14.30 Uhr fiel der Mann zun\u00e4chst im Bereich der Bundesstra\u00dfe 281 bei Neustadt an der Orla auf. Dort bedr\u00e4ngte er mehrere PKW-Fahrer, bremste diese gef\u00e4hrlich aus und f\u00fchrte riskante \u00dcberholman\u00f6ver durch. Zudem trat er gegen die T\u00fcr eines unbeteiligten Fahrzeugs. Die anschlie\u00dfende Fahrt f\u00fchrte \u00fcber die B 281 ab Neustadt an der Orla, weiter \u00fcber die B 2 in Richtung Gera, mit Zwischenstationen \u00fcber Mittelp\u00f6llnitz, Postendorf und Neunhofen. Mehrere Fahrzeugf\u00fchrer wurden dabei durch \u00fcberh\u00f6hte Geschwindigkeit sowie gef\u00e4hrliche Eingriffe in den Stra\u00dfenverkehr gesch\u00e4digt. In Gera gelang es den Einsatzkr\u00e4ften schlie\u00dflich, den Transporter zu stoppen und den Fahrer zu kontrollieren. Bei dem Beschuldigten handelt es sich um einen 30-j\u00e4hrigen Mann aus Bosnien-Herzegowina, der in Begleitung eines 41-j\u00e4hrigen Beifahrers unterwegs war. Der Fahrer stand zum Zeitpunkt der Tat nicht unter Alkoholeinfluss, jedoch unter dem Einfluss von Drogen. Bei dem Fahrzeug handelte es sich um einen wei\u00dfen Transporter des Modells Peugeot Boxer mit Berliner Kennzeichen. Die Polizei bittet weitere Verkehrsteilnehmer, die Zeugen der Fahrweise des Transporterfahrers wurden bzw. durch diesen gef\u00e4hrdet oder gesch\u00e4digt wurden, sich bei der zust\u00e4ndigen Polizeiinspektion Saale-Orla unter Nennung der Vorgangsnummer 0250364 zu melden.<\/p>\n","protected":false},"excerpt":{"rendered":"<div class=\"mh-excerpt\"><p>Am Mittwochnachmittag, den 24. September 2025, besch\u00e4ftigte ein Transporterfahrer zahlreiche Einsatzkr\u00e4fte der Th\u00fcringer Polizei und gef\u00e4hrdete dabei mehrmals andere Verkehrsteilnehmer. Zwischen 14.10 Uhr und 14.30 Uhr fiel der Mann zun\u00e4chst im Bereich der Bundesstra\u00dfe 281 <a class=\"mh-excerpt-more\" href=\"https:\/\/www.studiogera.de\/001\/2025\/09\/27\/gefaehrliche-fahrt-zeugen-und-geschaedigte-gesucht\/\" title=\"GEF\u00c4HRLICHE FAHRT \u2014 ZEUGEN UND GESCH\u00c4DIGTE GESUCHT\">[&#8230;]<\/a><\/p>\n<\/div>","protected":false},"author":2,"featured_media":9349,"comment_status":"open","ping_status":"open","sticky":false,"template":"","format":"standard","meta":{"footnotes":""},"categories":[13],"tags":[],"class_list":{"0":"post-39214","1":"post","2":"type-post","3":"status-publish","4":"format-standard","5":"has-post-thumbnail","7":"category-polizeiberichte"},"_links":{"self":[{"href":"https:\/\/www.studiogera.de\/001\/wp-json\/wp\/v2\/posts\/39214","targetHints":{"allow":["GET"]}}],"collection":[{"href":"https:\/\/www.studiogera.de\/001\/wp-json\/wp\/v2\/posts"}],"about":[{"href":"https:\/\/www.studiogera.de\/001\/wp-json\/wp\/v2\/types\/post"}],"author":[{"embeddable":true,"href":"https:\/\/www.studiogera.de\/001\/wp-json\/wp\/v2\/users\/2"}],"replies":[{"embeddable":true,"href":"https:\/\/www.studiogera.de\/001\/wp-json\/wp\/v2\/comments?post=39214"}],"version-history":[{"count":1,"href":"https:\/\/www.studiogera.de\/001\/wp-json\/wp\/v2\/posts\/39214\/revisions"}],"predecessor-version":[{"id":39215,"href":"https:\/\/www.studiogera.de\/001\/wp-json\/wp\/v2\/posts\/39214\/revisions\/39215"}],"wp:featuredmedia":[{"embeddable":true,"href":"https:\/\/www.studiogera.de\/001\/wp-json\/wp\/v2\/media\/9349"}],"wp:attachment":[{"href":"https:\/\/www.studiogera.de\/001\/wp-json\/wp\/v2\/media?parent=39214"}],"wp:term":[{"taxonomy":"category","embeddable":true,"href":"https:\/\/www.studiogera.de\/001\/wp-json\/wp\/v2\/categories?post=39214"},{"taxonomy":"post_tag","embeddable":true,"href":"https:\/\/www.studiogera.de\/001\/wp-json\/wp\/v2\/tags?post=39214"}],"curies":[{"name":"wp","href":"https:\/\/api.w.org\/{rel}","templated":true}]}}