{"id":39216,"date":"2025-09-27T03:08:11","date_gmt":"2025-09-27T01:08:11","guid":{"rendered":"https:\/\/www.studiogera.de\/001\/?p=39216"},"modified":"2025-09-27T03:08:28","modified_gmt":"2025-09-27T01:08:28","slug":"vermissten-jugendlichen-in-gera-angetroffen","status":"publish","type":"post","link":"https:\/\/www.studiogera.de\/001\/2025\/09\/27\/vermissten-jugendlichen-in-gera-angetroffen\/","title":{"rendered":"VERMISSTEN JUGENDLICHEN IN GERA ANGETROFFEN"},"content":{"rendered":"\n<p>Der seit dem 22. September 2025 vermisste 14-J\u00e4hrige aus Gera konnte am 25. September 2025 dank Zeugenhinweisen wohlbehalten im Stadtgebiet von Gera angetroffen und seinen Eltern \u00fcbergeben werden. Die Polizei bedankt sich bei allen Mitsuchenden f\u00fcr die Unterst\u00fctzung.<\/p>\n","protected":false},"excerpt":{"rendered":"<div class=\"mh-excerpt\"><p>Der seit dem 22. September 2025 vermisste 14-J\u00e4hrige aus Gera konnte am 25. September 2025 dank Zeugenhinweisen wohlbehalten im Stadtgebiet von Gera angetroffen und seinen Eltern \u00fcbergeben werden. Die Polizei bedankt sich bei allen Mitsuchenden <a class=\"mh-excerpt-more\" href=\"https:\/\/www.studiogera.de\/001\/2025\/09\/27\/vermissten-jugendlichen-in-gera-angetroffen\/\" title=\"VERMISSTEN JUGENDLICHEN IN GERA ANGETROFFEN\">[&#8230;]<\/a><\/p>\n<\/div>","protected":false},"author":2,"featured_media":33258,"comment_status":"open","ping_status":"open","sticky":false,"template":"","format":"standard","meta":{"footnotes":""},"categories":[13],"tags":[],"class_list":{"0":"post-39216","1":"post","2":"type-post","3":"status-publish","4":"format-standard","5":"has-post-thumbnail","7":"category-polizeiberichte"},"_links":{"self":[{"href":"https:\/\/www.studiogera.de\/001\/wp-json\/wp\/v2\/posts\/39216","targetHints":{"allow":["GET"]}}],"collection":[{"href":"https:\/\/www.studiogera.de\/001\/wp-json\/wp\/v2\/posts"}],"about":[{"href":"https:\/\/www.studiogera.de\/001\/wp-json\/wp\/v2\/types\/post"}],"author":[{"embeddable":true,"href":"https:\/\/www.studiogera.de\/001\/wp-json\/wp\/v2\/users\/2"}],"replies":[{"embeddable":true,"href":"https:\/\/www.studiogera.de\/001\/wp-json\/wp\/v2\/comments?post=39216"}],"version-history":[{"count":2,"href":"https:\/\/www.studiogera.de\/001\/wp-json\/wp\/v2\/posts\/39216\/revisions"}],"predecessor-version":[{"id":39218,"href":"https:\/\/www.studiogera.de\/001\/wp-json\/wp\/v2\/posts\/39216\/revisions\/39218"}],"wp:featuredmedia":[{"embeddable":true,"href":"https:\/\/www.studiogera.de\/001\/wp-json\/wp\/v2\/media\/33258"}],"wp:attachment":[{"href":"https:\/\/www.studiogera.de\/001\/wp-json\/wp\/v2\/media?parent=39216"}],"wp:term":[{"taxonomy":"category","embeddable":true,"href":"https:\/\/www.studiogera.de\/001\/wp-json\/wp\/v2\/categories?post=39216"},{"taxonomy":"post_tag","embeddable":true,"href":"https:\/\/www.studiogera.de\/001\/wp-json\/wp\/v2\/tags?post=39216"}],"curies":[{"name":"wp","href":"https:\/\/api.w.org\/{rel}","templated":true}]}}