{"id":39219,"date":"2025-09-27T03:11:10","date_gmt":"2025-09-27T01:11:10","guid":{"rendered":"https:\/\/www.studiogera.de\/001\/?p=39219"},"modified":"2025-09-27T03:11:11","modified_gmt":"2025-09-27T01:11:11","slug":"versuchter-ladendiebstahl-in-lusan","status":"publish","type":"post","link":"https:\/\/www.studiogera.de\/001\/2025\/09\/27\/versuchter-ladendiebstahl-in-lusan\/","title":{"rendered":"VERSUCHTER LADENDIEBSTAHL IN LUSAN"},"content":{"rendered":"\n<p>Am 25. September 2025 betraten zwei m\u00e4nnliche Personen im Alter von 43 und 38 Jahren einen Supermarkt in der Otto-Rothe-Stra\u00dfe in Lusan. Im weiteren Verlauf steckten sich die beiden unter anderem Lebensmittel und Getr\u00e4nke in einen mitgef\u00fchrten Rucksack und in die Jackentaschen und passierten den Kassenbereich, ohne die Ware zu bezahlen. Daraufhin sprach ein 22-j\u00e4hriger Ladendetektiv die beiden M\u00e4nner an. Der 38-J\u00e4hrige bedrohte diesen anschlie\u00dfend und gab vor, eine Waffe bei sich zu haben. Beim Eintreffen der Polizeibeamten konnte die Ware in einem Gesamtwert von zirka 50 Euro bei beiden T\u00e4tern aufgefunden werden. Eine Waffe hingegen wurde nicht festgestellt. Ein entsprechendes Ermittlungsverfahren wurde gegen die beiden M\u00e4nner eingeleitet.<\/p>\n","protected":false},"excerpt":{"rendered":"<div class=\"mh-excerpt\"><p>Am 25. September 2025 betraten zwei m\u00e4nnliche Personen im Alter von 43 und 38 Jahren einen Supermarkt in der Otto-Rothe-Stra\u00dfe in Lusan. Im weiteren Verlauf steckten sich die beiden unter anderem Lebensmittel und Getr\u00e4nke in <a class=\"mh-excerpt-more\" href=\"https:\/\/www.studiogera.de\/001\/2025\/09\/27\/versuchter-ladendiebstahl-in-lusan\/\" title=\"VERSUCHTER LADENDIEBSTAHL IN LUSAN\">[&#8230;]<\/a><\/p>\n<\/div>","protected":false},"author":2,"featured_media":22581,"comment_status":"open","ping_status":"open","sticky":false,"template":"","format":"standard","meta":{"footnotes":""},"categories":[13],"tags":[],"class_list":{"0":"post-39219","1":"post","2":"type-post","3":"status-publish","4":"format-standard","5":"has-post-thumbnail","7":"category-polizeiberichte"},"_links":{"self":[{"href":"https:\/\/www.studiogera.de\/001\/wp-json\/wp\/v2\/posts\/39219","targetHints":{"allow":["GET"]}}],"collection":[{"href":"https:\/\/www.studiogera.de\/001\/wp-json\/wp\/v2\/posts"}],"about":[{"href":"https:\/\/www.studiogera.de\/001\/wp-json\/wp\/v2\/types\/post"}],"author":[{"embeddable":true,"href":"https:\/\/www.studiogera.de\/001\/wp-json\/wp\/v2\/users\/2"}],"replies":[{"embeddable":true,"href":"https:\/\/www.studiogera.de\/001\/wp-json\/wp\/v2\/comments?post=39219"}],"version-history":[{"count":1,"href":"https:\/\/www.studiogera.de\/001\/wp-json\/wp\/v2\/posts\/39219\/revisions"}],"predecessor-version":[{"id":39220,"href":"https:\/\/www.studiogera.de\/001\/wp-json\/wp\/v2\/posts\/39219\/revisions\/39220"}],"wp:featuredmedia":[{"embeddable":true,"href":"https:\/\/www.studiogera.de\/001\/wp-json\/wp\/v2\/media\/22581"}],"wp:attachment":[{"href":"https:\/\/www.studiogera.de\/001\/wp-json\/wp\/v2\/media?parent=39219"}],"wp:term":[{"taxonomy":"category","embeddable":true,"href":"https:\/\/www.studiogera.de\/001\/wp-json\/wp\/v2\/categories?post=39219"},{"taxonomy":"post_tag","embeddable":true,"href":"https:\/\/www.studiogera.de\/001\/wp-json\/wp\/v2\/tags?post=39219"}],"curies":[{"name":"wp","href":"https:\/\/api.w.org\/{rel}","templated":true}]}}