{"id":39221,"date":"2025-09-27T03:15:12","date_gmt":"2025-09-27T01:15:12","guid":{"rendered":"https:\/\/www.studiogera.de\/001\/?p=39221"},"modified":"2025-09-27T03:15:13","modified_gmt":"2025-09-27T01:15:13","slug":"pkw-in-der-kretschmerstrasse-entwendet","status":"publish","type":"post","link":"https:\/\/www.studiogera.de\/001\/2025\/09\/27\/pkw-in-der-kretschmerstrasse-entwendet\/","title":{"rendered":"PKW IN DER KRETSCHMERSTRASSE ENTWENDET"},"content":{"rendered":"\n<p>Im Zeitraum vom 24. September 2025, 19.30 Uhr, bis 25. September 2025, 6.30 Uhr, entwendeten unbekannte T\u00e4ter den roten PKW Mazda mit Geraer Kennzeichen eines 60-j\u00e4hrigen Eigent\u00fcmers von einem Parkplatz in der Kretschmerstra\u00dfe. Hinweise zu m\u00f6glichen Tatverd\u00e4chtigen oder zur Begehungsweise liegen der Polizei derzeit noch nicht vor. Daher bittet die Polizei Zeugen, welche sachdienliche Hinweise zur Tat oder zum Auffinden des Fahrzeuges geben k\u00f6nnen, sich unter der Rufnummer +493658290 bei der Polizei zu melden.<\/p>\n","protected":false},"excerpt":{"rendered":"<div class=\"mh-excerpt\"><p>Im Zeitraum vom 24. September 2025, 19.30 Uhr, bis 25. September 2025, 6.30 Uhr, entwendeten unbekannte T\u00e4ter den roten PKW Mazda mit Geraer Kennzeichen eines 60-j\u00e4hrigen Eigent\u00fcmers von einem Parkplatz in der Kretschmerstra\u00dfe. Hinweise zu <a class=\"mh-excerpt-more\" href=\"https:\/\/www.studiogera.de\/001\/2025\/09\/27\/pkw-in-der-kretschmerstrasse-entwendet\/\" title=\"PKW IN DER KRETSCHMERSTRASSE ENTWENDET\">[&#8230;]<\/a><\/p>\n<\/div>","protected":false},"author":2,"featured_media":9352,"comment_status":"open","ping_status":"open","sticky":false,"template":"","format":"standard","meta":{"footnotes":""},"categories":[13],"tags":[],"class_list":{"0":"post-39221","1":"post","2":"type-post","3":"status-publish","4":"format-standard","5":"has-post-thumbnail","7":"category-polizeiberichte"},"_links":{"self":[{"href":"https:\/\/www.studiogera.de\/001\/wp-json\/wp\/v2\/posts\/39221","targetHints":{"allow":["GET"]}}],"collection":[{"href":"https:\/\/www.studiogera.de\/001\/wp-json\/wp\/v2\/posts"}],"about":[{"href":"https:\/\/www.studiogera.de\/001\/wp-json\/wp\/v2\/types\/post"}],"author":[{"embeddable":true,"href":"https:\/\/www.studiogera.de\/001\/wp-json\/wp\/v2\/users\/2"}],"replies":[{"embeddable":true,"href":"https:\/\/www.studiogera.de\/001\/wp-json\/wp\/v2\/comments?post=39221"}],"version-history":[{"count":1,"href":"https:\/\/www.studiogera.de\/001\/wp-json\/wp\/v2\/posts\/39221\/revisions"}],"predecessor-version":[{"id":39222,"href":"https:\/\/www.studiogera.de\/001\/wp-json\/wp\/v2\/posts\/39221\/revisions\/39222"}],"wp:featuredmedia":[{"embeddable":true,"href":"https:\/\/www.studiogera.de\/001\/wp-json\/wp\/v2\/media\/9352"}],"wp:attachment":[{"href":"https:\/\/www.studiogera.de\/001\/wp-json\/wp\/v2\/media?parent=39221"}],"wp:term":[{"taxonomy":"category","embeddable":true,"href":"https:\/\/www.studiogera.de\/001\/wp-json\/wp\/v2\/categories?post=39221"},{"taxonomy":"post_tag","embeddable":true,"href":"https:\/\/www.studiogera.de\/001\/wp-json\/wp\/v2\/tags?post=39221"}],"curies":[{"name":"wp","href":"https:\/\/api.w.org\/{rel}","templated":true}]}}