{"id":39223,"date":"2025-09-27T03:17:53","date_gmt":"2025-09-27T01:17:53","guid":{"rendered":"https:\/\/www.studiogera.de\/001\/?p=39223"},"modified":"2025-09-27T03:17:54","modified_gmt":"2025-09-27T01:17:54","slug":"wohnungseinbruch","status":"publish","type":"post","link":"https:\/\/www.studiogera.de\/001\/2025\/09\/27\/wohnungseinbruch\/","title":{"rendered":"WOHNUNGSEINBRUCH"},"content":{"rendered":"\n<p>Am 25. September 2025 verschafften sich bislang unbekannte T\u00e4ter im Zeitraum von 5.20 Uhr bis 16 Uhr unbefugt Zutritt zu der Wohnung einer 57-J\u00e4hrigen. Anschlie\u00dfend entwendeten die Unbekannten mehrere Elektro- und Schmuckgegenst\u00e4nde im niedrigen f\u00fcnfstelligen Bereich. Zudem wurde die Wohnungst\u00fcr besch\u00e4digt, sodass ein gesch\u00e4tzter Sachschaden im niedrigen dreistelligen Bereich entstand. Zuletzt fl\u00fcchteten die T\u00e4ter unerkannt in unbekannte Richtung. Die Polizei hat derzeit keine Hinweise auf m\u00f6gliche Tatverd\u00e4chtige. Daher bittet die Polizei Zeugen, welche sachdienliche Angaben machen k\u00f6nnen, sich unter der Rufnummer +4936582341465 zu melden.\u00a0<\/p>\n","protected":false},"excerpt":{"rendered":"<div class=\"mh-excerpt\"><p>Am 25. September 2025 verschafften sich bislang unbekannte T\u00e4ter im Zeitraum von 5.20 Uhr bis 16 Uhr unbefugt Zutritt zu der Wohnung einer 57-J\u00e4hrigen. Anschlie\u00dfend entwendeten die Unbekannten mehrere Elektro- und Schmuckgegenst\u00e4nde im niedrigen f\u00fcnfstelligen <a class=\"mh-excerpt-more\" href=\"https:\/\/www.studiogera.de\/001\/2025\/09\/27\/wohnungseinbruch\/\" title=\"WOHNUNGSEINBRUCH\">[&#8230;]<\/a><\/p>\n<\/div>","protected":false},"author":2,"featured_media":9356,"comment_status":"open","ping_status":"open","sticky":false,"template":"","format":"standard","meta":{"footnotes":""},"categories":[13],"tags":[],"class_list":{"0":"post-39223","1":"post","2":"type-post","3":"status-publish","4":"format-standard","5":"has-post-thumbnail","7":"category-polizeiberichte"},"_links":{"self":[{"href":"https:\/\/www.studiogera.de\/001\/wp-json\/wp\/v2\/posts\/39223","targetHints":{"allow":["GET"]}}],"collection":[{"href":"https:\/\/www.studiogera.de\/001\/wp-json\/wp\/v2\/posts"}],"about":[{"href":"https:\/\/www.studiogera.de\/001\/wp-json\/wp\/v2\/types\/post"}],"author":[{"embeddable":true,"href":"https:\/\/www.studiogera.de\/001\/wp-json\/wp\/v2\/users\/2"}],"replies":[{"embeddable":true,"href":"https:\/\/www.studiogera.de\/001\/wp-json\/wp\/v2\/comments?post=39223"}],"version-history":[{"count":1,"href":"https:\/\/www.studiogera.de\/001\/wp-json\/wp\/v2\/posts\/39223\/revisions"}],"predecessor-version":[{"id":39224,"href":"https:\/\/www.studiogera.de\/001\/wp-json\/wp\/v2\/posts\/39223\/revisions\/39224"}],"wp:featuredmedia":[{"embeddable":true,"href":"https:\/\/www.studiogera.de\/001\/wp-json\/wp\/v2\/media\/9356"}],"wp:attachment":[{"href":"https:\/\/www.studiogera.de\/001\/wp-json\/wp\/v2\/media?parent=39223"}],"wp:term":[{"taxonomy":"category","embeddable":true,"href":"https:\/\/www.studiogera.de\/001\/wp-json\/wp\/v2\/categories?post=39223"},{"taxonomy":"post_tag","embeddable":true,"href":"https:\/\/www.studiogera.de\/001\/wp-json\/wp\/v2\/tags?post=39223"}],"curies":[{"name":"wp","href":"https:\/\/api.w.org\/{rel}","templated":true}]}}