{"id":39226,"date":"2025-09-27T14:08:45","date_gmt":"2025-09-27T12:08:45","guid":{"rendered":"https:\/\/www.studiogera.de\/001\/?p=39226"},"modified":"2025-09-27T14:08:46","modified_gmt":"2025-09-27T12:08:46","slug":"starke-staedtepartnerschaften","status":"publish","type":"post","link":"https:\/\/www.studiogera.de\/001\/2025\/09\/27\/starke-staedtepartnerschaften\/","title":{"rendered":"STARKE ST\u00c4DTEPARTNERSCHAFTEN"},"content":{"rendered":"\n<p>Am vergangenen Wochenende standen in Gera zwei Veranstaltungen im Mittelpunkt der internationalen Freundschaftspolitik der Stadt. Zum 50-j\u00e4hrigen Bestehen der St\u00e4dtepartnerschaft zwischen der polnischen Stadt Skierniewice und Gera reiste Oberb\u00fcrgermeister Kurt Dannenberg zusammen mit einer 25-k\u00f6pfigen Delegation zum Blumen-, Obst- und Gem\u00fcsefest. Mit dabei waren unter anderem Kulturamtsleiter Felix Eckerle, die Angels Cheerleader-Gera der Gera Skates e. V. sowie das Percussionensemble \u201eBateristas del Sol\u201c der Musikschule Heinrich Sch\u00fctz.<\/p>\n\n\n\n<p>Im Rahmen eines Festaktes auf dem Marktplatz der Stadt Skierniewice wurde der Freundschaftsvertrag urkundlich erneuert \u2013 ein deutliches Symbol f\u00fcr die tief verwachsene Verbindung zwischen beiden St\u00e4dten. Als besonderes Zeichen \u00fcberreichte Oberb\u00fcrgermeister Dannenberg drei Dahlien an Krzysztof Ja\u017cd\u017cyk, Pr\u00e4sident von Skierniewice. Die Dahlien tragen den Namen \u201eDahlia Amicitia Skierniewice-Gera\u201c und wurden zusammen mit der Taufurkunde \u00fcberreicht. Sie sollen die interkulturelle Verbundenheit und gelebte Freundschaft zwischen den beiden Partnerst\u00e4dten unterstreichen.<\/p>\n\n\n\n<p>Zus\u00e4tzlich besuchte auch Geras zuk\u00fcnftiger B\u00fcrgermeister Thomas Lenk die Partnerstadt Arnhem in den Niederlanden, um gemeinsam mit Vertreterinnen und Vertretern der Stadt an den 81. Jahrestag der Operation \u201eMarket Garden\u201c zu erinnern. Im Gedenken an die Opfer legte Lenk im Namen der Stadt Gera einen Kranz nieder \u2013 ein Zeichen des Respekts und der Erinnerung. Die Partnerschaft mit Arnhem besteht bereits seit mehr als 35 Jahren und ist eine weitere wichtige S\u00e4ule der europ\u00e4ischen Zusammenarbeit. \u201eDiese Partnerschaften sind mehr als nur Vertr\u00e4ge auf Papier; sie sind lebendige Bande, die auf pers\u00f6nlichem Austausch basieren, gegenseitiges Verst\u00e4ndnis f\u00f6rdern und k\u00f6nnen einen wichtigen Beitrag zum Frieden in Europa leisten\u201c, unterstreicht Oberb\u00fcrgermeister Kurt Dannenberg die Bedeutung von St\u00e4dtepartnerschaften.<\/p>\n\n\n\n<p><strong>Hintergrund<\/strong><\/p>\n\n\n\n<p>Die historische Stadt Skierniewice in der polnischen Woiwodschaft \u0141\u00f3d\u017a, liegt mit knapp 50&#8217;000 Einwohnern zentral in Polen am Fluss Lupia. In Skierniewice findet seit 40 Jahren, am dritten Wochenende im September, das Festival der Blumen, Fr\u00fcchte und Gem\u00fcse statt. Es ist die gr\u00f6\u00dfte zweit\u00e4gige Veranstaltung in der Region, die jedes Jahr etwa 250&#8217;000 Besucher aus Polen und dem Ausland anzieht.<\/p>\n\n\n\n<p>Arnhem, die Hauptstadt der \u00f6stlichen Provinz Gelderland in den Niederlanden, liegt am Niederrhein nahe der deutschen Grenze. Mit etwa 167&#8217;000 Einwohnern bietet die Stadt eine abwechslungsreiche Mischung aus Kunst, Kultur, gr\u00fcnen Oasen und beeindruckenden Naturlandschaften. Seit 38 Jahren pflegen Gera und die niederl\u00e4ndische Stadt Arnhem einen regen Austausch und regelm\u00e4\u00dfige Begegnungen, die sich im Laufe der Zeit zu einer herzlichen Freundschaft entwickelt haben. J\u00e4hrlich erinnert Geras Partnerstadt Arnhem um den 20. September an die Operation Market Garden, eine der gr\u00f6\u00dften alliierten Milit\u00e4raktionen w\u00e4hrend des Zweiten Weltkriegs. Im September 1944 versuchten die Alliierten, gro\u00dfe Br\u00fccken \u00fcber den Rhein, darunter auch die Br\u00fccke von Arnhem, zu erobern. Das Unternehmen scheiterte jedoch, was tausende Tote auf Seiten der Streitkr\u00e4fte und der Zivilbev\u00f6lkerung sowie die Zerst\u00f6rung Arnhems zur Folge hatte.<\/p>\n\n\n\n<p>QUELLE: STADTVERWALTUNG<\/p>\n","protected":false},"excerpt":{"rendered":"<div class=\"mh-excerpt\"><p>Am vergangenen Wochenende standen in Gera zwei Veranstaltungen im Mittelpunkt der internationalen Freundschaftspolitik der Stadt. Zum 50-j\u00e4hrigen Bestehen der St\u00e4dtepartnerschaft zwischen der polnischen Stadt Skierniewice und Gera reiste Oberb\u00fcrgermeister Kurt Dannenberg zusammen mit einer 25-k\u00f6pfigen <a class=\"mh-excerpt-more\" href=\"https:\/\/www.studiogera.de\/001\/2025\/09\/27\/starke-staedtepartnerschaften\/\" title=\"STARKE ST\u00c4DTEPARTNERSCHAFTEN\">[&#8230;]<\/a><\/p>\n<\/div>","protected":false},"author":2,"featured_media":28982,"comment_status":"open","ping_status":"open","sticky":false,"template":"","format":"standard","meta":{"footnotes":""},"categories":[3],"tags":[],"class_list":{"0":"post-39226","1":"post","2":"type-post","3":"status-publish","4":"format-standard","5":"has-post-thumbnail","7":"category-lokal"},"_links":{"self":[{"href":"https:\/\/www.studiogera.de\/001\/wp-json\/wp\/v2\/posts\/39226","targetHints":{"allow":["GET"]}}],"collection":[{"href":"https:\/\/www.studiogera.de\/001\/wp-json\/wp\/v2\/posts"}],"about":[{"href":"https:\/\/www.studiogera.de\/001\/wp-json\/wp\/v2\/types\/post"}],"author":[{"embeddable":true,"href":"https:\/\/www.studiogera.de\/001\/wp-json\/wp\/v2\/users\/2"}],"replies":[{"embeddable":true,"href":"https:\/\/www.studiogera.de\/001\/wp-json\/wp\/v2\/comments?post=39226"}],"version-history":[{"count":1,"href":"https:\/\/www.studiogera.de\/001\/wp-json\/wp\/v2\/posts\/39226\/revisions"}],"predecessor-version":[{"id":39227,"href":"https:\/\/www.studiogera.de\/001\/wp-json\/wp\/v2\/posts\/39226\/revisions\/39227"}],"wp:featuredmedia":[{"embeddable":true,"href":"https:\/\/www.studiogera.de\/001\/wp-json\/wp\/v2\/media\/28982"}],"wp:attachment":[{"href":"https:\/\/www.studiogera.de\/001\/wp-json\/wp\/v2\/media?parent=39226"}],"wp:term":[{"taxonomy":"category","embeddable":true,"href":"https:\/\/www.studiogera.de\/001\/wp-json\/wp\/v2\/categories?post=39226"},{"taxonomy":"post_tag","embeddable":true,"href":"https:\/\/www.studiogera.de\/001\/wp-json\/wp\/v2\/tags?post=39226"}],"curies":[{"name":"wp","href":"https:\/\/api.w.org\/{rel}","templated":true}]}}