{"id":39228,"date":"2025-09-27T14:15:11","date_gmt":"2025-09-27T12:15:11","guid":{"rendered":"https:\/\/www.studiogera.de\/001\/?p=39228"},"modified":"2025-09-28T15:34:34","modified_gmt":"2025-09-28T13:34:34","slug":"das-bedeutet-krieg-vortrag-und-letzte-fuehrung","status":"publish","type":"post","link":"https:\/\/www.studiogera.de\/001\/2025\/09\/27\/das-bedeutet-krieg-vortrag-und-letzte-fuehrung\/","title":{"rendered":"DAS BEDEUTET KRIEG \u2014 VORTRAG UND LETZTE F\u00dcHRUNG"},"content":{"rendered":"\n<p>Die erfolgreiche Sonderausstellung \u201eDas bedeutet Krieg\u201c im Stadtmuseum n\u00e4hert sich ihrem Ende. Noch bis zum 19. Oktober 2025 haben Besucher die Gelegenheit, die vielbeachtete Schau zu sehen, die sich mit den Erfahrungen von Kriegen und seinen Auswirkungen auf die Stadt Gera und ihre Bewohner besch\u00e4ftigt.<\/p>\n\n\n\n<p>Zum Ausklang der Ausstellung l\u00e4dt das Stadtmuseum zu zwei interessanten Veranstaltungen ein: Beim Vortrag \u201eReu\u00dfische Orden und ihre Tr\u00e4ger\u201c am 1. Oktober 2025, 18 Uhr, beleuchtet Lars Go\u00dfmann die Geschichte der reu\u00dfischen Orden, ihre Bedeutung im milit\u00e4rischen wie zivilen Kontext und stellt ausgew\u00e4hlte Ordenstr\u00e4ger vor. Der Vortrag er\u00f6ffnet spannende Einblicke in ein unbekannteres Kapitel th\u00fcringischer Geschichte.<\/p>\n\n\n\n<p>Die letzte \u00f6ffentliche F\u00fchrung durch die Ausstellung findet am 12. Oktober 2025, 14 Uhr statt. Museumsleiter und Kurator Konrad Kessler f\u00fchrt durch die R\u00e4ume und gibt Hintergrundinformationen zu ausgew\u00e4hlten Exponaten, darunter das Schwert des Prinzenr\u00e4ubers Kunz von Kaufungen, wertlose M\u00fcnzen und pers\u00f6nliche Zeitzeugnisse, wie Feldpostbriefe.<\/p>\n\n\n\n<p>QUELLE: STADTVERWALTUNG<\/p>\n","protected":false},"excerpt":{"rendered":"<div class=\"mh-excerpt\"><p>Die erfolgreiche Sonderausstellung \u201eDas bedeutet Krieg\u201c im Stadtmuseum n\u00e4hert sich ihrem Ende. Noch bis zum 19. Oktober 2025 haben Besucher die Gelegenheit, die vielbeachtete Schau zu sehen, die sich mit den Erfahrungen von Kriegen und <a class=\"mh-excerpt-more\" href=\"https:\/\/www.studiogera.de\/001\/2025\/09\/27\/das-bedeutet-krieg-vortrag-und-letzte-fuehrung\/\" title=\"DAS BEDEUTET KRIEG \u2014 VORTRAG UND LETZTE F\u00dcHRUNG\">[&#8230;]<\/a><\/p>\n<\/div>","protected":false},"author":2,"featured_media":39229,"comment_status":"open","ping_status":"open","sticky":false,"template":"","format":"standard","meta":{"footnotes":""},"categories":[8],"tags":[],"class_list":{"0":"post-39228","1":"post","2":"type-post","3":"status-publish","4":"format-standard","5":"has-post-thumbnail","7":"category-kultur"},"_links":{"self":[{"href":"https:\/\/www.studiogera.de\/001\/wp-json\/wp\/v2\/posts\/39228","targetHints":{"allow":["GET"]}}],"collection":[{"href":"https:\/\/www.studiogera.de\/001\/wp-json\/wp\/v2\/posts"}],"about":[{"href":"https:\/\/www.studiogera.de\/001\/wp-json\/wp\/v2\/types\/post"}],"author":[{"embeddable":true,"href":"https:\/\/www.studiogera.de\/001\/wp-json\/wp\/v2\/users\/2"}],"replies":[{"embeddable":true,"href":"https:\/\/www.studiogera.de\/001\/wp-json\/wp\/v2\/comments?post=39228"}],"version-history":[{"count":1,"href":"https:\/\/www.studiogera.de\/001\/wp-json\/wp\/v2\/posts\/39228\/revisions"}],"predecessor-version":[{"id":39230,"href":"https:\/\/www.studiogera.de\/001\/wp-json\/wp\/v2\/posts\/39228\/revisions\/39230"}],"wp:featuredmedia":[{"embeddable":true,"href":"https:\/\/www.studiogera.de\/001\/wp-json\/wp\/v2\/media\/39229"}],"wp:attachment":[{"href":"https:\/\/www.studiogera.de\/001\/wp-json\/wp\/v2\/media?parent=39228"}],"wp:term":[{"taxonomy":"category","embeddable":true,"href":"https:\/\/www.studiogera.de\/001\/wp-json\/wp\/v2\/categories?post=39228"},{"taxonomy":"post_tag","embeddable":true,"href":"https:\/\/www.studiogera.de\/001\/wp-json\/wp\/v2\/tags?post=39228"}],"curies":[{"name":"wp","href":"https:\/\/api.w.org\/{rel}","templated":true}]}}