{"id":39234,"date":"2025-09-27T14:43:37","date_gmt":"2025-09-27T12:43:37","guid":{"rendered":"https:\/\/www.studiogera.de\/001\/?p=39234"},"modified":"2025-09-27T14:43:37","modified_gmt":"2025-09-27T12:43:37","slug":"mauer-am-ostfriedhof-wird-denkmalgerecht-saniert","status":"publish","type":"post","link":"https:\/\/www.studiogera.de\/001\/2025\/09\/27\/mauer-am-ostfriedhof-wird-denkmalgerecht-saniert\/","title":{"rendered":"MAUER AM OSTFRIEDHOF WIRD DENKMALGERECHT SANIERT"},"content":{"rendered":"\n<p>Am Ostfriedhof tut sich was: Die zirka 180 Meter lange Hangst\u00fctzmauer entlang der Stra\u00dfe des Bergmanns wird in den kommenden Monaten denkmalgerecht saniert. Die Mauer, die sich unterhalb des 1959 nach Pl\u00e4nen von Gartenarchitekt Walter Schmeil angelegten Sowjetischen Ehrenfriedhofes befindet, ist in den vergangenen Jahren bereits in Teilbereichen eingest\u00fcrzt. Zudem sind gro\u00dfe Teile des Mauerwerks durch eingetretene Feuchtigkeit besch\u00e4digt.<\/p>\n\n\n\n<p>Die Sanierungsarbeiten beginnen planm\u00e4\u00dfig in der 40. Kalenderwoche und am \u00f6stlichen Ausgang der Hangst\u00fctzmauer beginnend gen Westen erfolgen. Dabei wird es zu Verkehrseinschr\u00e4nkungen kommen. Der Fu\u00dfweg wird nach dem Haupteingang Sowjetischer Ehrenhain bis zur Br\u00fccke Friedhofstra\u00dfe gesperrt. Fu\u00dfg\u00e4nger werden \u00fcber die Ampelkreuzungen Altenburger Stra\u00dfe und Friedhofstra\u00dfe auf den gegen\u00fcberliegenden Fu\u00dfweg umgeleitet. Gleichzeitig kommt es zu einer Sperrung des rechten der beiden stadteinw\u00e4rts f\u00fchrenden Fahrstreifen im Bereich der Bauma\u00dfnahme. Nach derzeitiger Planung sollen die Arbeiten im Fr\u00fchjahr 2026 abgeschlossen sein.<\/p>\n\n\n\n<p>QUELLE: STADTVERWALTUNG<\/p>\n","protected":false},"excerpt":{"rendered":"<div class=\"mh-excerpt\"><p>Am Ostfriedhof tut sich was: Die zirka 180 Meter lange Hangst\u00fctzmauer entlang der Stra\u00dfe des Bergmanns wird in den kommenden Monaten denkmalgerecht saniert. Die Mauer, die sich unterhalb des 1959 nach Pl\u00e4nen von Gartenarchitekt Walter <a class=\"mh-excerpt-more\" href=\"https:\/\/www.studiogera.de\/001\/2025\/09\/27\/mauer-am-ostfriedhof-wird-denkmalgerecht-saniert\/\" title=\"MAUER AM OSTFRIEDHOF WIRD DENKMALGERECHT SANIERT\">[&#8230;]<\/a><\/p>\n<\/div>","protected":false},"author":2,"featured_media":39235,"comment_status":"open","ping_status":"open","sticky":false,"template":"","format":"standard","meta":{"footnotes":""},"categories":[3],"tags":[],"class_list":{"0":"post-39234","1":"post","2":"type-post","3":"status-publish","4":"format-standard","5":"has-post-thumbnail","7":"category-lokal"},"_links":{"self":[{"href":"https:\/\/www.studiogera.de\/001\/wp-json\/wp\/v2\/posts\/39234","targetHints":{"allow":["GET"]}}],"collection":[{"href":"https:\/\/www.studiogera.de\/001\/wp-json\/wp\/v2\/posts"}],"about":[{"href":"https:\/\/www.studiogera.de\/001\/wp-json\/wp\/v2\/types\/post"}],"author":[{"embeddable":true,"href":"https:\/\/www.studiogera.de\/001\/wp-json\/wp\/v2\/users\/2"}],"replies":[{"embeddable":true,"href":"https:\/\/www.studiogera.de\/001\/wp-json\/wp\/v2\/comments?post=39234"}],"version-history":[{"count":1,"href":"https:\/\/www.studiogera.de\/001\/wp-json\/wp\/v2\/posts\/39234\/revisions"}],"predecessor-version":[{"id":39236,"href":"https:\/\/www.studiogera.de\/001\/wp-json\/wp\/v2\/posts\/39234\/revisions\/39236"}],"wp:featuredmedia":[{"embeddable":true,"href":"https:\/\/www.studiogera.de\/001\/wp-json\/wp\/v2\/media\/39235"}],"wp:attachment":[{"href":"https:\/\/www.studiogera.de\/001\/wp-json\/wp\/v2\/media?parent=39234"}],"wp:term":[{"taxonomy":"category","embeddable":true,"href":"https:\/\/www.studiogera.de\/001\/wp-json\/wp\/v2\/categories?post=39234"},{"taxonomy":"post_tag","embeddable":true,"href":"https:\/\/www.studiogera.de\/001\/wp-json\/wp\/v2\/tags?post=39234"}],"curies":[{"name":"wp","href":"https:\/\/api.w.org\/{rel}","templated":true}]}}