{"id":39237,"date":"2025-09-27T15:16:29","date_gmt":"2025-09-27T13:16:29","guid":{"rendered":"https:\/\/www.studiogera.de\/001\/?p=39237"},"modified":"2025-09-27T15:16:30","modified_gmt":"2025-09-27T13:16:30","slug":"begabtenfoerderung-in-der-musikschule","status":"publish","type":"post","link":"https:\/\/www.studiogera.de\/001\/2025\/09\/27\/begabtenfoerderung-in-der-musikschule\/","title":{"rendered":"BEGABTENF\u00d6RDERUNG IN DER MUSIKSCHULE"},"content":{"rendered":"\n<p>Die feierliche Aufnahme besonders talentierter Sch\u00fclerinnen und Sch\u00fclern in das Begabtenf\u00f6rderungsprogramm fand am Montag, den 22. September 2025, im vollbesetzten Friederici-Saal der Musikschule statt. Die F\u00f6rderung besteht aus zus\u00e4tzlicher geb\u00fchrenfreier Unterrichtszeit. F\u00fcr 21 Kinder und Jugendliche wird dies von der Stadt Gera aus Landesf\u00f6rdermitteln auf Grundlage des Th\u00fcringer Musik- und Jugendkunstschulgesetzes bezahlt.<\/p>\n\n\n\n<p>Folgende Sch\u00fclerinnen und Sch\u00fcler erhalten f\u00fcr dieses Schuljahr eine F\u00f6rderung:<\/p>\n\n\n\n<ul class=\"wp-block-list\">\n<li>Evelyn Hammerschmidt, Eva Koch, Mathilda Lochmann, Jessy Rettinger, Luise Seidemann, Angelina Silagin, Wadim Silagin, Veronika Sheka, Sofia Sliwtschuk, Amilia Voland (Ballett; Klasse Frau Irmatova und Herr Irmatov)<\/li>\n\n\n\n<li>Ida Hemmann (Blockfl\u00f6te; Klasse Frau Franke)<\/li>\n\n\n\n<li>Elea Tetem (Gitarre; Klasse Herr Nguyen)<\/li>\n\n\n\n<li>Elisa Jugel (Klavier; Klasse Frau Zurbo)<\/li>\n\n\n\n<li>Olesia Malikova (Klavier; Klasse Frau Weingardt)<\/li>\n\n\n\n<li>Margarita Piuro (Klavier; Klasse Frau Zurbo)<\/li>\n\n\n\n<li>Luise Groh (Mezzosopran; Klasse Frau Rieger-Loeck)<\/li>\n\n\n\n<li>Lore Adler (Schlagzeug; Klasse Herr Schmidt)<\/li>\n\n\n\n<li>Leonard Ilg (Violine; Klasse Herr Chen)<\/li>\n\n\n\n<li>Friederike Doil und Jan Kraus (Violoncello; Klasse Herr Clavijo)<\/li>\n\n\n\n<li>Juri Shinov (Violoncello; Klasse Frau Formella)<\/li>\n<\/ul>\n\n\n\n<p>Im Rahmen eines festlichen Konzertes wurden unter viel Applaus von Ehreng\u00e4sten, Eltern, Besuchern und dem Kollegium der Musikschule Urkunden und Blumen von Herrn Dr. R\u00fchling, Leiter des Amtes f\u00fcr Bildung und Sport und von der Leiterin der Musikschule, Frau M\u00fcller, an die jungen Talente \u00fcberreicht.<\/p>\n\n\n\n<p>Frau Sch\u00f6nemann von der Volksbank eG Gera, Jena, Rudolstadt, \u00fcberreichte in diesem Rahmen einen Scheck \u00fcber 1000 Euro an den F\u00f6rderverein der Musikschule. Der stellvertretende Vorsitzende des F\u00f6rdervereins der Musikschule Herr Hildebrandt dankte der Volksbank, der Stadt Gera und allen weiteren Unterst\u00fctzern f\u00fcr ihr intensives und stetiges Engagement zugunsten begabter Kinder und Jugendlicher.<\/p>\n\n\n\n<p>F\u00fcr das laufende Schuljahr haben sich die jungen K\u00fcnstlerinnen und K\u00fcnstler viel vorgenommen. Neben \u00f6ffentlichen Auftritten bei Veranstaltungen der Musikschule ist auch die Teilnahme an Wettbewerben geplant, so z. B. am Stavenhagen-Wettbewerb im November 2025 in Greiz, am Regionalwettbewerb \u201eJugend musiziert\u201c Ostth\u00fcringen im Januar 2026 in Gera und beim Deutschen Ballettwettbewerb im Fr\u00fchjahr 2026.<\/p>\n\n\n\n<p>Au\u00dferdem werden einige der jungen Musikerinnen und Musiker Auslandserfahrung im Rahmen eines st\u00e4dtepartnerschaftlichen Austauschs sammeln. Ende Oktober 2025 reist ein Streicherensemble der Musikschule gemeinsam mit der Delegation des Oberb\u00fcrgermeisters in die bulgarische Partnerstadt Sliwen, um zusammen mit den Musikerinnen und Musikern des Projektes \u201eMusik statt Stra\u00dfe\u201c beim Dimitar-Festtag zu konzertieren. Bereits am vergangenen Wochenende war das Percussionsensemble \u201eBateristas del Sol\u201c auf Einladung der polnischen Partnerstadt Skierniewice an der musikalischen Gestaltung des \u201eObst und Gem\u00fcsefestes\u201c und des St\u00e4dtepartnerschaft-Jubil\u00e4ums beteiligt.<\/p>\n\n\n\n<p>QUELLE: STADTVERWALTUNG<\/p>\n","protected":false},"excerpt":{"rendered":"<div class=\"mh-excerpt\"><p>Die feierliche Aufnahme besonders talentierter Sch\u00fclerinnen und Sch\u00fclern in das Begabtenf\u00f6rderungsprogramm fand am Montag, den 22. September 2025, im vollbesetzten Friederici-Saal der Musikschule statt. Die F\u00f6rderung besteht aus zus\u00e4tzlicher geb\u00fchrenfreier Unterrichtszeit. F\u00fcr 21 Kinder und <a class=\"mh-excerpt-more\" href=\"https:\/\/www.studiogera.de\/001\/2025\/09\/27\/begabtenfoerderung-in-der-musikschule\/\" title=\"BEGABTENF\u00d6RDERUNG IN DER MUSIKSCHULE\">[&#8230;]<\/a><\/p>\n<\/div>","protected":false},"author":2,"featured_media":39238,"comment_status":"open","ping_status":"open","sticky":false,"template":"","format":"standard","meta":{"footnotes":""},"categories":[8],"tags":[],"class_list":{"0":"post-39237","1":"post","2":"type-post","3":"status-publish","4":"format-standard","5":"has-post-thumbnail","7":"category-kultur"},"_links":{"self":[{"href":"https:\/\/www.studiogera.de\/001\/wp-json\/wp\/v2\/posts\/39237","targetHints":{"allow":["GET"]}}],"collection":[{"href":"https:\/\/www.studiogera.de\/001\/wp-json\/wp\/v2\/posts"}],"about":[{"href":"https:\/\/www.studiogera.de\/001\/wp-json\/wp\/v2\/types\/post"}],"author":[{"embeddable":true,"href":"https:\/\/www.studiogera.de\/001\/wp-json\/wp\/v2\/users\/2"}],"replies":[{"embeddable":true,"href":"https:\/\/www.studiogera.de\/001\/wp-json\/wp\/v2\/comments?post=39237"}],"version-history":[{"count":1,"href":"https:\/\/www.studiogera.de\/001\/wp-json\/wp\/v2\/posts\/39237\/revisions"}],"predecessor-version":[{"id":39239,"href":"https:\/\/www.studiogera.de\/001\/wp-json\/wp\/v2\/posts\/39237\/revisions\/39239"}],"wp:featuredmedia":[{"embeddable":true,"href":"https:\/\/www.studiogera.de\/001\/wp-json\/wp\/v2\/media\/39238"}],"wp:attachment":[{"href":"https:\/\/www.studiogera.de\/001\/wp-json\/wp\/v2\/media?parent=39237"}],"wp:term":[{"taxonomy":"category","embeddable":true,"href":"https:\/\/www.studiogera.de\/001\/wp-json\/wp\/v2\/categories?post=39237"},{"taxonomy":"post_tag","embeddable":true,"href":"https:\/\/www.studiogera.de\/001\/wp-json\/wp\/v2\/tags?post=39237"}],"curies":[{"name":"wp","href":"https:\/\/api.w.org\/{rel}","templated":true}]}}