{"id":39241,"date":"2025-09-27T18:05:53","date_gmt":"2025-09-27T16:05:53","guid":{"rendered":"https:\/\/www.studiogera.de\/001\/?p=39241"},"modified":"2025-09-27T18:05:54","modified_gmt":"2025-09-27T16:05:54","slug":"kuechenbrand-in-langenberg-2","status":"publish","type":"post","link":"https:\/\/www.studiogera.de\/001\/2025\/09\/27\/kuechenbrand-in-langenberg-2\/","title":{"rendered":"K\u00dcCHENBRAND IN LANGENBERG"},"content":{"rendered":"\n<p>Kurz vor 13 Uhr wurde die Freiwillige Feuerwehr Gera-Mitte zusammen mit den Feuerwehren aus Langenberg und Aga sowie der Feuerwache 1 nach Langenberg in die Schulstra\u00dfe entsandt. Der Grund war ein Wohnungsbrand. Bereits bei der Anfahrt stellte die Feuerwehr starken Rauch fest, der aus dem Fenster drang. Das Feuer wurde in der K\u00fcche lokalisiert und anschlie\u00dfend bek\u00e4mpft. Personen wurden nicht verletzt. Die betroffene Wohneinheit wurde danach kontrolliert und bel\u00fcftet.<\/p>\n","protected":false},"excerpt":{"rendered":"<div class=\"mh-excerpt\"><p>Kurz vor 13 Uhr wurde die Freiwillige Feuerwehr Gera-Mitte zusammen mit den Feuerwehren aus Langenberg und Aga sowie der Feuerwache 1 nach Langenberg in die Schulstra\u00dfe entsandt. Der Grund war ein Wohnungsbrand. Bereits bei der <a class=\"mh-excerpt-more\" href=\"https:\/\/www.studiogera.de\/001\/2025\/09\/27\/kuechenbrand-in-langenberg-2\/\" title=\"K\u00dcCHENBRAND IN LANGENBERG\">[&#8230;]<\/a><\/p>\n<\/div>","protected":false},"author":3,"featured_media":9362,"comment_status":"open","ping_status":"open","sticky":false,"template":"","format":"standard","meta":{"footnotes":""},"categories":[13],"tags":[],"class_list":{"0":"post-39241","1":"post","2":"type-post","3":"status-publish","4":"format-standard","5":"has-post-thumbnail","7":"category-polizeiberichte"},"_links":{"self":[{"href":"https:\/\/www.studiogera.de\/001\/wp-json\/wp\/v2\/posts\/39241","targetHints":{"allow":["GET"]}}],"collection":[{"href":"https:\/\/www.studiogera.de\/001\/wp-json\/wp\/v2\/posts"}],"about":[{"href":"https:\/\/www.studiogera.de\/001\/wp-json\/wp\/v2\/types\/post"}],"author":[{"embeddable":true,"href":"https:\/\/www.studiogera.de\/001\/wp-json\/wp\/v2\/users\/3"}],"replies":[{"embeddable":true,"href":"https:\/\/www.studiogera.de\/001\/wp-json\/wp\/v2\/comments?post=39241"}],"version-history":[{"count":1,"href":"https:\/\/www.studiogera.de\/001\/wp-json\/wp\/v2\/posts\/39241\/revisions"}],"predecessor-version":[{"id":39242,"href":"https:\/\/www.studiogera.de\/001\/wp-json\/wp\/v2\/posts\/39241\/revisions\/39242"}],"wp:featuredmedia":[{"embeddable":true,"href":"https:\/\/www.studiogera.de\/001\/wp-json\/wp\/v2\/media\/9362"}],"wp:attachment":[{"href":"https:\/\/www.studiogera.de\/001\/wp-json\/wp\/v2\/media?parent=39241"}],"wp:term":[{"taxonomy":"category","embeddable":true,"href":"https:\/\/www.studiogera.de\/001\/wp-json\/wp\/v2\/categories?post=39241"},{"taxonomy":"post_tag","embeddable":true,"href":"https:\/\/www.studiogera.de\/001\/wp-json\/wp\/v2\/tags?post=39241"}],"curies":[{"name":"wp","href":"https:\/\/api.w.org\/{rel}","templated":true}]}}