{"id":39243,"date":"2025-09-28T00:00:59","date_gmt":"2025-09-27T22:00:59","guid":{"rendered":"https:\/\/www.studiogera.de\/001\/?p=39243"},"modified":"2025-09-29T01:09:09","modified_gmt":"2025-09-28T23:09:09","slug":"veranstaltungen-am-sonntag-105","status":"publish","type":"post","link":"https:\/\/www.studiogera.de\/001\/2025\/09\/28\/veranstaltungen-am-sonntag-105\/","title":{"rendered":"VERANSTALTUNGEN AM SONNTAG"},"content":{"rendered":"\n<p>Die Ostth\u00fcringer Mineralien- und Fossilienb\u00f6rse kann von 10 Uhr bis 16 Uhr im Kultur- und Kongresszentrum besucht werden.<\/p>\n\n\n\n<p>Die Freie evangelische Gemeinde Gera l\u00e4dt von 10 Uhr bis 15 Uhr zum \u00d6kumenischen Frauensonntag in die Eisenbahnstra\u00dfe 7 A ein.<\/p>\n\n\n\n<p>In der Sonntagsgespr\u00e4chsreihe im Kulturhaus H\u00e4selburg sind Menschen zu Gast, die zu interessanten Themen sprechen und zur Diskussion einladen. Diesmal sind es Fabio Sch\u00f6nfeld und Jeremias Heinig, die ihr Instagram- und Podcast-Portal vorstellen und erkl\u00e4ren, weshalb sie in Gera bleiben m\u00f6chten. Die Veranstaltung dauert von 11 Uhr bis 13 Uhr.<\/p>\n\n\n\n<p>Auf dem Freigel\u00e4nde in der Werner-Petzold-Stra\u00dfe 10 wird von 14 Uhr bis 18 Uhr das Fest der Kulturen gefeiert.<\/p>\n\n\n\n<p>Von 14 Uhr bis 15 Uhr l\u00e4dt das Haus Schulenburg zu einer F\u00fchrung durch das Geb\u00e4ude ein. W\u00e4hrend eines einst\u00fcndigen Rundgangs lernen die G\u00e4ste die Geschichte des Hauses Schulenburg \u2013 eines der reifsten Werke Henry van de Veldes \u2013 kennen, das dank privater Investitionen auch weit \u00fcber die Landesgrenzen hinaus Anerkennung schafft.<\/p>\n\n\n\n<p>Der Verein G\u00e4stef\u00fchrer Region Gera l\u00e4dt ein zu einer F\u00fchrung durch Heinrichsgr\u00fcn von 14 Uhr bis 15.30 Uhr. Treffpunkt ist der Parkplatz an der Lidl-Kaufhalle.<\/p>\n\n\n\n<p>Die Stadtteilf\u00fchrung \u201eDebschwitz \u2013 vom Vorstadtdorf zum Industriestandort\u201c beginnt um 16 Uhr an der Debschwitzer Schule, Darwinstra\u00dfe 9, und dauert bis 17.30 Uhr. Erinnert wird an den ber\u00fchmtesten Einwohner, Georg Vincent von Wiese, das Sch\u00fctzenfest und die Radlegende Olaf Ludwig.<\/p>\n\n\n\n<p>Mit den Titeln wie \u201eEs waren zwei K\u00f6nigskinder\u201c und Beethovens lyrischem St\u00fcck \u201eIch liebe Dich\u201c gastieren Marcel Bauer (Tenor) und Sebastian Liebold (Piano) erneut zur sonnt\u00e4glichen Abendmusik in der Trinitatiskirche zu R\u00f6psen. Die Musik erklingt von 17 Uhr bis 18.30 Uhr.<\/p>\n\n\n\n<p>Im ehemaligen f\u00fcrstlichen Kammergut am Mohrenplatz findet die Variet\u00e9-Show \u201eHotel Tropical\u201c statt \u2014 eine Veranstaltung, die das dortige Spiegelzelt in ein stilvolles Art-Deco-Hotel verwandelt und ein unvergessliches Urlaubserlebnis mit internationalen Artistik, Musik sowie exotischen Cocktails bietet. Die Vorstellung beginnt um 20 Uhr. Einlass ist um 19 Uhr. Das Programm dauert zwei Stunden.<\/p>\n","protected":false},"excerpt":{"rendered":"<div class=\"mh-excerpt\"><p>Die Ostth\u00fcringer Mineralien- und Fossilienb\u00f6rse kann von 10 Uhr bis 16 Uhr im Kultur- und Kongresszentrum besucht werden. Die Freie evangelische Gemeinde Gera l\u00e4dt von 10 Uhr bis 15 Uhr zum \u00d6kumenischen Frauensonntag in die <a class=\"mh-excerpt-more\" href=\"https:\/\/www.studiogera.de\/001\/2025\/09\/28\/veranstaltungen-am-sonntag-105\/\" title=\"VERANSTALTUNGEN AM SONNTAG\">[&#8230;]<\/a><\/p>\n<\/div>","protected":false},"author":3,"featured_media":26670,"comment_status":"open","ping_status":"open","sticky":false,"template":"","format":"standard","meta":{"footnotes":""},"categories":[16],"tags":[],"class_list":{"0":"post-39243","1":"post","2":"type-post","3":"status-publish","4":"format-standard","5":"has-post-thumbnail","7":"category-kurzmitteilungen"},"_links":{"self":[{"href":"https:\/\/www.studiogera.de\/001\/wp-json\/wp\/v2\/posts\/39243","targetHints":{"allow":["GET"]}}],"collection":[{"href":"https:\/\/www.studiogera.de\/001\/wp-json\/wp\/v2\/posts"}],"about":[{"href":"https:\/\/www.studiogera.de\/001\/wp-json\/wp\/v2\/types\/post"}],"author":[{"embeddable":true,"href":"https:\/\/www.studiogera.de\/001\/wp-json\/wp\/v2\/users\/3"}],"replies":[{"embeddable":true,"href":"https:\/\/www.studiogera.de\/001\/wp-json\/wp\/v2\/comments?post=39243"}],"version-history":[{"count":2,"href":"https:\/\/www.studiogera.de\/001\/wp-json\/wp\/v2\/posts\/39243\/revisions"}],"predecessor-version":[{"id":39257,"href":"https:\/\/www.studiogera.de\/001\/wp-json\/wp\/v2\/posts\/39243\/revisions\/39257"}],"wp:featuredmedia":[{"embeddable":true,"href":"https:\/\/www.studiogera.de\/001\/wp-json\/wp\/v2\/media\/26670"}],"wp:attachment":[{"href":"https:\/\/www.studiogera.de\/001\/wp-json\/wp\/v2\/media?parent=39243"}],"wp:term":[{"taxonomy":"category","embeddable":true,"href":"https:\/\/www.studiogera.de\/001\/wp-json\/wp\/v2\/categories?post=39243"},{"taxonomy":"post_tag","embeddable":true,"href":"https:\/\/www.studiogera.de\/001\/wp-json\/wp\/v2\/tags?post=39243"}],"curies":[{"name":"wp","href":"https:\/\/api.w.org\/{rel}","templated":true}]}}