{"id":39245,"date":"2025-09-28T15:59:46","date_gmt":"2025-09-28T13:59:46","guid":{"rendered":"https:\/\/www.studiogera.de\/001\/?p=39245"},"modified":"2025-09-28T15:59:47","modified_gmt":"2025-09-28T13:59:47","slug":"polizeigewahrsam-aufgrund-ungebuehrlichen-verhaltens-im-stadtzentrum","status":"publish","type":"post","link":"https:\/\/www.studiogera.de\/001\/2025\/09\/28\/polizeigewahrsam-aufgrund-ungebuehrlichen-verhaltens-im-stadtzentrum\/","title":{"rendered":"POLIZEIGEWAHRSAM AUFGRUND UNGEB\u00dcHRLICHEN VERHALTENS IM STADTZENTRUM"},"content":{"rendered":"\n<p>Am Freitagnachmittag erhielt die Polizei eine Mitteilung \u00fcber einen betrunkenen Mann im Bereich des Kultur- und Kongresszentrums. Dieser p\u00f6belte Passanten an und spielte sehr laute Musik ab. Die Beamten trafen vor Ort auf einen 33-J\u00e4hrigen Geraer. Dieser zeigte sich \u00e4u\u00dferst uneinsichtig und verlie\u00df nach einem erteilten Platzverweis nur widerwillig die \u00d6rtlichkeit. Kurze Zeit sp\u00e4ter meldete sich ein \u00dcbungsleiter der Sporthalle am Goethegymnasium. Dieser teilte mit, dass seine zw\u00f6lf bis 17-j\u00e4hrigen Sch\u00fctzlinge von einem Mann mehrmals als &#8222;Nazis&#8220; sowie mit anderen Schimpfworten beleidigt worden waren. Die Geraer Polizei vermutete, dass es sich um den 33-J\u00e4hrigen handeln k\u00f6nnte und sollte Recht behalten. Aufgrund seines ungeb\u00fchrlichen Verhaltens und dem Nichtbefolgen des Platzverweises verbrachte der Aggressor die Nacht im Polizeigewahrsam. Er muss sich zudem wegen Beleidigung strafrechtlich verantworten.<\/p>\n","protected":false},"excerpt":{"rendered":"<div class=\"mh-excerpt\"><p>Am Freitagnachmittag erhielt die Polizei eine Mitteilung \u00fcber einen betrunkenen Mann im Bereich des Kultur- und Kongresszentrums. Dieser p\u00f6belte Passanten an und spielte sehr laute Musik ab. Die Beamten trafen vor Ort auf einen 33-J\u00e4hrigen <a class=\"mh-excerpt-more\" href=\"https:\/\/www.studiogera.de\/001\/2025\/09\/28\/polizeigewahrsam-aufgrund-ungebuehrlichen-verhaltens-im-stadtzentrum\/\" title=\"POLIZEIGEWAHRSAM AUFGRUND UNGEB\u00dcHRLICHEN VERHALTENS IM STADTZENTRUM\">[&#8230;]<\/a><\/p>\n<\/div>","protected":false},"author":2,"featured_media":22202,"comment_status":"open","ping_status":"open","sticky":false,"template":"","format":"standard","meta":{"footnotes":""},"categories":[13],"tags":[],"class_list":{"0":"post-39245","1":"post","2":"type-post","3":"status-publish","4":"format-standard","5":"has-post-thumbnail","7":"category-polizeiberichte"},"_links":{"self":[{"href":"https:\/\/www.studiogera.de\/001\/wp-json\/wp\/v2\/posts\/39245","targetHints":{"allow":["GET"]}}],"collection":[{"href":"https:\/\/www.studiogera.de\/001\/wp-json\/wp\/v2\/posts"}],"about":[{"href":"https:\/\/www.studiogera.de\/001\/wp-json\/wp\/v2\/types\/post"}],"author":[{"embeddable":true,"href":"https:\/\/www.studiogera.de\/001\/wp-json\/wp\/v2\/users\/2"}],"replies":[{"embeddable":true,"href":"https:\/\/www.studiogera.de\/001\/wp-json\/wp\/v2\/comments?post=39245"}],"version-history":[{"count":1,"href":"https:\/\/www.studiogera.de\/001\/wp-json\/wp\/v2\/posts\/39245\/revisions"}],"predecessor-version":[{"id":39246,"href":"https:\/\/www.studiogera.de\/001\/wp-json\/wp\/v2\/posts\/39245\/revisions\/39246"}],"wp:featuredmedia":[{"embeddable":true,"href":"https:\/\/www.studiogera.de\/001\/wp-json\/wp\/v2\/media\/22202"}],"wp:attachment":[{"href":"https:\/\/www.studiogera.de\/001\/wp-json\/wp\/v2\/media?parent=39245"}],"wp:term":[{"taxonomy":"category","embeddable":true,"href":"https:\/\/www.studiogera.de\/001\/wp-json\/wp\/v2\/categories?post=39245"},{"taxonomy":"post_tag","embeddable":true,"href":"https:\/\/www.studiogera.de\/001\/wp-json\/wp\/v2\/tags?post=39245"}],"curies":[{"name":"wp","href":"https:\/\/api.w.org\/{rel}","templated":true}]}}