{"id":39249,"date":"2025-09-28T16:19:52","date_gmt":"2025-09-28T14:19:52","guid":{"rendered":"https:\/\/www.studiogera.de\/001\/?p=39249"},"modified":"2025-09-28T16:19:53","modified_gmt":"2025-09-28T14:19:53","slug":"alkoholisierte-verkehrsteilnehmer-3","status":"publish","type":"post","link":"https:\/\/www.studiogera.de\/001\/2025\/09\/28\/alkoholisierte-verkehrsteilnehmer-3\/","title":{"rendered":"ALKOHOLISIERTE VERKEHRSTEILNEHMER"},"content":{"rendered":"\n<p>Am fr\u00fchen Samstagmorgen f\u00fchrten Beamte des Inspektionsdienst Gera gerade die letzten Ma\u00dfnahmen mit einem Betroffenen zu einer Trunkenheitsfahrt durch. Das Einsatzfahrzeug parkte zu diesem Zeitpunkt sichtbar vor der Wache. Die Polizisten entlie\u00dfen gerade den Mann, als ein E-Roller-Fahrer auf dem gegen\u00fcberliegenden Gehweg ihr Interesse weckte. Im Rahmen der anschlie\u00dfenden Verkehrskontrolle stellten die Beamten einen Atemalkoholwert von mehr als zwei pro mille bei dem 49-J\u00e4hrigen Lenker fest. Dieser hatte anscheinend nicht mit dem Erscheinen der Ordnungsh\u00fcter gerechnet, da er sich zudem nur wenige Meter von seiner Wohnanschrift befand. Nach einer Blutentnahme wurde dem Herr die Weiterfahrt untersagt. Er muss sich nun wegen Trunkenheit im Stra\u00dfenverkehr verantworten.<\/p>\n","protected":false},"excerpt":{"rendered":"<div class=\"mh-excerpt\"><p>Am fr\u00fchen Samstagmorgen f\u00fchrten Beamte des Inspektionsdienst Gera gerade die letzten Ma\u00dfnahmen mit einem Betroffenen zu einer Trunkenheitsfahrt durch. Das Einsatzfahrzeug parkte zu diesem Zeitpunkt sichtbar vor der Wache. Die Polizisten entlie\u00dfen gerade den Mann, <a class=\"mh-excerpt-more\" href=\"https:\/\/www.studiogera.de\/001\/2025\/09\/28\/alkoholisierte-verkehrsteilnehmer-3\/\" title=\"ALKOHOLISIERTE VERKEHRSTEILNEHMER\">[&#8230;]<\/a><\/p>\n<\/div>","protected":false},"author":2,"featured_media":9356,"comment_status":"open","ping_status":"open","sticky":false,"template":"","format":"standard","meta":{"footnotes":""},"categories":[13],"tags":[],"class_list":{"0":"post-39249","1":"post","2":"type-post","3":"status-publish","4":"format-standard","5":"has-post-thumbnail","7":"category-polizeiberichte"},"_links":{"self":[{"href":"https:\/\/www.studiogera.de\/001\/wp-json\/wp\/v2\/posts\/39249","targetHints":{"allow":["GET"]}}],"collection":[{"href":"https:\/\/www.studiogera.de\/001\/wp-json\/wp\/v2\/posts"}],"about":[{"href":"https:\/\/www.studiogera.de\/001\/wp-json\/wp\/v2\/types\/post"}],"author":[{"embeddable":true,"href":"https:\/\/www.studiogera.de\/001\/wp-json\/wp\/v2\/users\/2"}],"replies":[{"embeddable":true,"href":"https:\/\/www.studiogera.de\/001\/wp-json\/wp\/v2\/comments?post=39249"}],"version-history":[{"count":1,"href":"https:\/\/www.studiogera.de\/001\/wp-json\/wp\/v2\/posts\/39249\/revisions"}],"predecessor-version":[{"id":39250,"href":"https:\/\/www.studiogera.de\/001\/wp-json\/wp\/v2\/posts\/39249\/revisions\/39250"}],"wp:featuredmedia":[{"embeddable":true,"href":"https:\/\/www.studiogera.de\/001\/wp-json\/wp\/v2\/media\/9356"}],"wp:attachment":[{"href":"https:\/\/www.studiogera.de\/001\/wp-json\/wp\/v2\/media?parent=39249"}],"wp:term":[{"taxonomy":"category","embeddable":true,"href":"https:\/\/www.studiogera.de\/001\/wp-json\/wp\/v2\/categories?post=39249"},{"taxonomy":"post_tag","embeddable":true,"href":"https:\/\/www.studiogera.de\/001\/wp-json\/wp\/v2\/tags?post=39249"}],"curies":[{"name":"wp","href":"https:\/\/api.w.org\/{rel}","templated":true}]}}