{"id":39251,"date":"2025-09-28T20:10:56","date_gmt":"2025-09-28T18:10:56","guid":{"rendered":"https:\/\/www.studiogera.de\/001\/?p=39251"},"modified":"2025-09-28T20:11:10","modified_gmt":"2025-09-28T18:11:10","slug":"sev-auf-der-linie-3-endet-3-30-uhr","status":"publish","type":"post","link":"https:\/\/www.studiogera.de\/001\/2025\/09\/28\/sev-auf-der-linie-3-endet-3-30-uhr\/","title":{"rendered":"SEV AUF DER LINIE 3 ENDET 3.30 UHR"},"content":{"rendered":"\n<p>Aufgrund von Arbeiten an der Fu\u00dfg\u00e4ngerbr\u00fccke sowie Gleisbauarbeiten im Bereich Gleisdreieck ist der Stra\u00dfenbahnverkehr der Linie 3 zwischen Heinrichstra\u00dfe und Lusan\/Zeulsdorf noch bis Montag, 3.30 Uhr, eingestellt.&nbsp;Der Verkehrsbetrieb hat einen Schienenersatzverkehr eingerichtet und bittet um Beachtung folgender Besonderheiten:<\/p>\n\n\n\n<p>Die SEV-Haltestelle \u201eAn der Spielwiese\u201c befindet sich an der Bushaltestelle \u201eAn der Spielwiese\u201c in der Stra\u00dfe des Friedens. Die Haltestelle \u201eFu\u00dfg\u00e4ngerbr\u00fccke\u201c befindet sich an der Kreuzung Wiesestra\u00dfe\/Uhlstra\u00dfe. In Lusan fahren die Busse \u00fcber die Zeulsdorfer Stra\u00dfe zur Haltestelle \u201eLusan\/Laune\u201c und zur Endhaltestelle Lusan\/Zeulsdorf. Alle SEV-Busse bedienen die Haltestelle \u201eLusan\/Laune\u201c. Die Haltestelle \u201eZeulenrodaer Stra\u00dfe\u201c wird nicht angefahren. Bitte nutzen Sie ersatzweise die Haltestelle \u201eZeulsdorfer Stra\u00dfe\u201c.<\/p>\n\n\n\n<p>Die Stra\u00dfenbahnwagen der Linie 3 verkehren im Abschnitt Heinrichstra\u00dfe\u2014Bieblach-Ost w\u00e4hrend der Bauma\u00dfnahme zwei Minuten sp\u00e4ter als gewohnt. Die letzte Fahrt in diesem Abschnitt verkehrt vier Minuten sp\u00e4ter.<\/p>\n","protected":false},"excerpt":{"rendered":"<div class=\"mh-excerpt\"><p>Aufgrund von Arbeiten an der Fu\u00dfg\u00e4ngerbr\u00fccke sowie Gleisbauarbeiten im Bereich Gleisdreieck ist der Stra\u00dfenbahnverkehr der Linie 3 zwischen Heinrichstra\u00dfe und Lusan\/Zeulsdorf noch bis Montag, 3.30 Uhr, eingestellt.&nbsp;Der Verkehrsbetrieb hat einen Schienenersatzverkehr eingerichtet und bittet um <a class=\"mh-excerpt-more\" href=\"https:\/\/www.studiogera.de\/001\/2025\/09\/28\/sev-auf-der-linie-3-endet-3-30-uhr\/\" title=\"SEV AUF DER LINIE 3 ENDET 3.30 UHR\">[&#8230;]<\/a><\/p>\n<\/div>","protected":false},"author":2,"featured_media":22607,"comment_status":"open","ping_status":"open","sticky":false,"template":"","format":"standard","meta":{"footnotes":""},"categories":[16],"tags":[],"class_list":{"0":"post-39251","1":"post","2":"type-post","3":"status-publish","4":"format-standard","5":"has-post-thumbnail","7":"category-kurzmitteilungen"},"_links":{"self":[{"href":"https:\/\/www.studiogera.de\/001\/wp-json\/wp\/v2\/posts\/39251","targetHints":{"allow":["GET"]}}],"collection":[{"href":"https:\/\/www.studiogera.de\/001\/wp-json\/wp\/v2\/posts"}],"about":[{"href":"https:\/\/www.studiogera.de\/001\/wp-json\/wp\/v2\/types\/post"}],"author":[{"embeddable":true,"href":"https:\/\/www.studiogera.de\/001\/wp-json\/wp\/v2\/users\/2"}],"replies":[{"embeddable":true,"href":"https:\/\/www.studiogera.de\/001\/wp-json\/wp\/v2\/comments?post=39251"}],"version-history":[{"count":2,"href":"https:\/\/www.studiogera.de\/001\/wp-json\/wp\/v2\/posts\/39251\/revisions"}],"predecessor-version":[{"id":39253,"href":"https:\/\/www.studiogera.de\/001\/wp-json\/wp\/v2\/posts\/39251\/revisions\/39253"}],"wp:featuredmedia":[{"embeddable":true,"href":"https:\/\/www.studiogera.de\/001\/wp-json\/wp\/v2\/media\/22607"}],"wp:attachment":[{"href":"https:\/\/www.studiogera.de\/001\/wp-json\/wp\/v2\/media?parent=39251"}],"wp:term":[{"taxonomy":"category","embeddable":true,"href":"https:\/\/www.studiogera.de\/001\/wp-json\/wp\/v2\/categories?post=39251"},{"taxonomy":"post_tag","embeddable":true,"href":"https:\/\/www.studiogera.de\/001\/wp-json\/wp\/v2\/tags?post=39251"}],"curies":[{"name":"wp","href":"https:\/\/api.w.org\/{rel}","templated":true}]}}