{"id":39254,"date":"2025-09-29T03:30:00","date_gmt":"2025-09-29T01:30:00","guid":{"rendered":"https:\/\/www.studiogera.de\/001\/?p=39254"},"modified":"2025-09-29T01:05:38","modified_gmt":"2025-09-28T23:05:38","slug":"bibliothek-bleibt-am-29-september-2025-geschlossen","status":"publish","type":"post","link":"https:\/\/www.studiogera.de\/001\/2025\/09\/29\/bibliothek-bleibt-am-29-september-2025-geschlossen\/","title":{"rendered":"BIBLIOTHEK BLEIBT AM 29. SEPTEMBER 2025 GESCHLOSSEN"},"content":{"rendered":"\n<p>Am Montag, den 29. September 2025, bleibt die Geraer Bibliothek am Puschkinplatz geschlossen. An diesem Tag wird die vertraglich vereinbarte j\u00e4hrliche Grundreinigung mit Fu\u00dfbodenversiegelung durchgef\u00fchrt. Zur R\u00fcckgabe von Medien kann die R\u00fcckgabebox vor dem Eingang der Bibliothek genutzt werden.<\/p>\n","protected":false},"excerpt":{"rendered":"<div class=\"mh-excerpt\"><p>Am Montag, den 29. September 2025, bleibt die Geraer Bibliothek am Puschkinplatz geschlossen. An diesem Tag wird die vertraglich vereinbarte j\u00e4hrliche Grundreinigung mit Fu\u00dfbodenversiegelung durchgef\u00fchrt. Zur R\u00fcckgabe von Medien kann die R\u00fcckgabebox vor dem Eingang <a class=\"mh-excerpt-more\" href=\"https:\/\/www.studiogera.de\/001\/2025\/09\/29\/bibliothek-bleibt-am-29-september-2025-geschlossen\/\" title=\"BIBLIOTHEK BLEIBT AM 29. SEPTEMBER 2025 GESCHLOSSEN\">[&#8230;]<\/a><\/p>\n<\/div>","protected":false},"author":3,"featured_media":33450,"comment_status":"open","ping_status":"open","sticky":false,"template":"","format":"standard","meta":{"footnotes":""},"categories":[16],"tags":[],"class_list":{"0":"post-39254","1":"post","2":"type-post","3":"status-publish","4":"format-standard","5":"has-post-thumbnail","7":"category-kurzmitteilungen"},"_links":{"self":[{"href":"https:\/\/www.studiogera.de\/001\/wp-json\/wp\/v2\/posts\/39254","targetHints":{"allow":["GET"]}}],"collection":[{"href":"https:\/\/www.studiogera.de\/001\/wp-json\/wp\/v2\/posts"}],"about":[{"href":"https:\/\/www.studiogera.de\/001\/wp-json\/wp\/v2\/types\/post"}],"author":[{"embeddable":true,"href":"https:\/\/www.studiogera.de\/001\/wp-json\/wp\/v2\/users\/3"}],"replies":[{"embeddable":true,"href":"https:\/\/www.studiogera.de\/001\/wp-json\/wp\/v2\/comments?post=39254"}],"version-history":[{"count":1,"href":"https:\/\/www.studiogera.de\/001\/wp-json\/wp\/v2\/posts\/39254\/revisions"}],"predecessor-version":[{"id":39255,"href":"https:\/\/www.studiogera.de\/001\/wp-json\/wp\/v2\/posts\/39254\/revisions\/39255"}],"wp:featuredmedia":[{"embeddable":true,"href":"https:\/\/www.studiogera.de\/001\/wp-json\/wp\/v2\/media\/33450"}],"wp:attachment":[{"href":"https:\/\/www.studiogera.de\/001\/wp-json\/wp\/v2\/media?parent=39254"}],"wp:term":[{"taxonomy":"category","embeddable":true,"href":"https:\/\/www.studiogera.de\/001\/wp-json\/wp\/v2\/categories?post=39254"},{"taxonomy":"post_tag","embeddable":true,"href":"https:\/\/www.studiogera.de\/001\/wp-json\/wp\/v2\/tags?post=39254"}],"curies":[{"name":"wp","href":"https:\/\/api.w.org\/{rel}","templated":true}]}}