{"id":39258,"date":"2025-09-29T11:15:36","date_gmt":"2025-09-29T09:15:36","guid":{"rendered":"https:\/\/www.studiogera.de\/001\/?p=39258"},"modified":"2025-09-29T11:16:09","modified_gmt":"2025-09-29T09:16:09","slug":"puppentheater-feiert-wiedereroeffnung","status":"publish","type":"post","link":"https:\/\/www.studiogera.de\/001\/2025\/09\/29\/puppentheater-feiert-wiedereroeffnung\/","title":{"rendered":"PUPPENTHEATER FEIERT WIEDERER\u00d6FFNUNG"},"content":{"rendered":"\n<p>Nach gut zweieinhalbj\u00e4hriger Bauzeit erstrahlt das historische Puppentheater am Gustav-Hennig-Platz in Gera in neuem Glanz. Mit einem Familienfest am Weltkindertag, den 20. September, sowie einer Abendveranstaltung f\u00fcr Erwachsene, am 27. September 2025, hat das Haus nun offiziell seinen Spielbetrieb wieder aufgenommen.<\/p>\n\n\n\n<p>Im Zuge der Modernisierung wurde der Innenraum vollst\u00e4ndig entkernt, veraltete technische Anlagen zur\u00fcckgebaut und eine zeitgem\u00e4\u00dfe Theaterinfrastruktur geschaffen. Ein neu gestalteter Theatersaal bietet k\u00fcnftig ein besonderes Raumerlebnis und er\u00f6ffnet den Akteuren neue kreative M\u00f6glichkeiten. Werkst\u00e4tten und Probeb\u00fchnen wurden neu zugeschnitten, die Publikumsbereiche funktional verbessert und eine induktive H\u00f6ranlage installiert, um auch h\u00f6rbeeintr\u00e4chtigten Besucherinnen und Besuchern ein barrierefreies Theatererlebnis zu erm\u00f6glichen. Der Dachaufbau sowie Heizungs-, L\u00fcftungs- und B\u00fchnentechnik entsprechen nun modernsten Standards. Die Gesamtkosten der Ma\u00dfnahme belaufen sich auf rund 4,7 Millionen Euro, wovon etwa 2,6 Millionen Euro durch F\u00f6rdermittel von Bund und Land bereitgestellt wurden.<\/p>\n\n\n\n<p>Sandra Wanzar, Leiterin des Dezernates Soziales, Jugend und Kultur der Stadt Gera, betonte die besondere Symbolik des Er\u00f6ffnungstages:<\/p>\n\n\n\n<blockquote class=\"wp-block-quote is-layout-flow wp-block-quote-is-layout-flow\">\n<p>\u201eIch freue mich sehr, dass wir die Puppenb\u00fchne nach gut 2,5 Jahren Bauzeit wiederer\u00f6ffnen k\u00f6nnen \u2013 passenderweise am Weltkindertag und das mit der Geschichte der drei kleinen Schweinchen \u201eZilli, Billi und Willi\u201c, die ich aus meiner eigenen Kindheit selbst noch kenne. Ich w\u00fcnsche dem Puppentheater einen gelungenen Spielbeginn.\u201c<\/p>\n<\/blockquote>\n\n\n\n<p>Generalintendant Kay Kuntze hob die Bedeutung des Hauses f\u00fcr die Stadt hervor:<\/p>\n\n\n\n<blockquote class=\"wp-block-quote is-layout-flow wp-block-quote-is-layout-flow\">\n<p>\u201eHeute ist ein guter Tag: Ein guter Tag f\u00fcr Gera und ein guter Tag f\u00fcr Kunst und Kultur. Jede Stadt, die ein Theater (wieder-)er\u00f6ffnen kann, darf sich gl\u00fccklich sch\u00e4tzen. Nach einer gro\u00dfen, gemeinsamen Kraftanstrengung von Stadt, Bund, Land, F\u00f6rderverein und Theater er\u00f6ffnet das frisch sanierte Puppentheater am Gustav-Hennig-Platz mit ganz besonderem Charme und neuen M\u00f6glichkeiten wieder f\u00fcr den Spielbetrieb. Ich denke, dass viele kleine und gro\u00dfe Menschen in diesem Haus k\u00fcnftig viel Freude erleben werden.\u201c<\/p>\n<\/blockquote>\n\n\n\n<p>Carsten Pettig, Referatsleiter im Th\u00fcringer Kulturministerium und Mitglied des Aufsichtsrates des Theaters, erinnerte an die k\u00fcnstlerische Strahlkraft des Hauses:<\/p>\n\n\n\n<blockquote class=\"wp-block-quote is-layout-flow wp-block-quote-is-layout-flow\">\n<p>\u201eDie Verleihung des Deutschen Theaterpreises \u201aDer Faust\u2018 an den Geraer Puppenspieler Tobias Weishaupt im vergangenen Jahr zeigt, dass dieses Puppentheater weit \u00fcber die Grenzen der Stadt hinaus wahrgenommen wird. Dass diese Kunst nun wieder dort stattfinden kann, wo sie vor \u00fcber 90 Jahren in Gera begann, ist ein sehr gutes Omen daf\u00fcr, dass wir in nur wenigen Jahren in diesem Haus auch dessen 100. Geburtstag gemeinsam erfolgreich feiern k\u00f6nnen.\u201c<\/p>\n<\/blockquote>\n\n\n\n<p>Die Staatsministerin und Beauftragte der Bundesregierung f\u00fcr Ostdeutschland Elisabeth Kaiser (SPD) verband ihre pers\u00f6nlichen Erinnerungen mit dem Blick nach vorn:<\/p>\n\n\n\n<blockquote class=\"wp-block-quote is-layout-flow wp-block-quote-is-layout-flow\">\n<p>\u201eDie Puppenb\u00fchne war schon als Kind ein besonderer Ort f\u00fcr mich \u2013 und ich bin froh, dass nun wieder viele Kinder diese Magie erleben k\u00f6nnen. Es war mir ein besonderes Anliegen, den Erhalt der Puppenb\u00fchne mit millionenschwerer Bundesf\u00f6rderung zu sichern \u2013 damit nicht nur meine Generation, sondern auch die Kinder von heute und morgen diesen Ort voller Fantasie erleben k\u00f6nnen. Kultur ist der Kitt unserer Gesellschaft. Sie schafft R\u00e4ume zum Nachdenken und verbindet Menschen, von den Kleinen bis zu den Gro\u00dfen.\u201c<\/p>\n<\/blockquote>\n\n\n\n<p>Besonderer Dank des Theater Altenburg Gera gilt dem F\u00f6rderverein \u201eGesellschaft der Theater- und Konzertfreunde Gera e. V.\u201c, der mit einer Spende von 100&#8217;000 Euro die Ausstattung des Hauses \u2013 darunter neue Bestuhlung, Technik sowie den neuen B\u00fchnenvorhang \u2013 unterst\u00fctzte.<\/p>\n\n\n\n<p>Seit seiner Gr\u00fcndung im Jahr 1958 geh\u00f6rt das Puppentheater fest zur Stadt Gera. Mit der Fusion der B\u00fchnen der Stadt Gera mit dem Landestheater Altenburg im Jahr 1995 wurde es Teil des einzigen F\u00fcnf-Sparten-Theaters Th\u00fcringens und begeistert seitdem weit \u00fcber die Region hinaus sein Publikum.<\/p>\n\n\n\n<p>Das Festwochenprogramm zur Wiederer\u00f6ffnung l\u00e4uft noch bis zum 5. Oktober. Weitere Informationen sind unter \u201ewww.theater-altenburg-gera.de\/stuecke-konzerte\/wiedereroeffnung-des-puppentheaters-gera-2087\/\u201c abrufbar.<\/p>\n\n\n\n<p>Eintrittskarten sind an den Theaterkassen sowie \u00fcber die Webseite des Theaters erh\u00e4ltlich. Diese sind unter der Rufnummer 0365 8279105 bzw. 03447 585160 sowie \u00fcber \u201ehttps:\/\/theater-altenburg-gera.de\/\u201d erreichbar.<\/p>\n\n\n\n<p>QUELLE: THEATER ALTENBURG GERA GGMBH<\/p>\n","protected":false},"excerpt":{"rendered":"<div class=\"mh-excerpt\"><p>Nach gut zweieinhalbj\u00e4hriger Bauzeit erstrahlt das historische Puppentheater am Gustav-Hennig-Platz in Gera in neuem Glanz. Mit einem Familienfest am Weltkindertag, den 20. September, sowie einer Abendveranstaltung f\u00fcr Erwachsene, am 27. September 2025, hat das Haus <a class=\"mh-excerpt-more\" href=\"https:\/\/www.studiogera.de\/001\/2025\/09\/29\/puppentheater-feiert-wiedereroeffnung\/\" title=\"PUPPENTHEATER FEIERT WIEDERER\u00d6FFNUNG\">[&#8230;]<\/a><\/p>\n<\/div>","protected":false},"author":2,"featured_media":39260,"comment_status":"open","ping_status":"open","sticky":false,"template":"","format":"standard","meta":{"footnotes":""},"categories":[15],"tags":[],"class_list":{"0":"post-39258","1":"post","2":"type-post","3":"status-publish","4":"format-standard","5":"has-post-thumbnail","7":"category-theater"},"_links":{"self":[{"href":"https:\/\/www.studiogera.de\/001\/wp-json\/wp\/v2\/posts\/39258","targetHints":{"allow":["GET"]}}],"collection":[{"href":"https:\/\/www.studiogera.de\/001\/wp-json\/wp\/v2\/posts"}],"about":[{"href":"https:\/\/www.studiogera.de\/001\/wp-json\/wp\/v2\/types\/post"}],"author":[{"embeddable":true,"href":"https:\/\/www.studiogera.de\/001\/wp-json\/wp\/v2\/users\/2"}],"replies":[{"embeddable":true,"href":"https:\/\/www.studiogera.de\/001\/wp-json\/wp\/v2\/comments?post=39258"}],"version-history":[{"count":2,"href":"https:\/\/www.studiogera.de\/001\/wp-json\/wp\/v2\/posts\/39258\/revisions"}],"predecessor-version":[{"id":39262,"href":"https:\/\/www.studiogera.de\/001\/wp-json\/wp\/v2\/posts\/39258\/revisions\/39262"}],"wp:featuredmedia":[{"embeddable":true,"href":"https:\/\/www.studiogera.de\/001\/wp-json\/wp\/v2\/media\/39260"}],"wp:attachment":[{"href":"https:\/\/www.studiogera.de\/001\/wp-json\/wp\/v2\/media?parent=39258"}],"wp:term":[{"taxonomy":"category","embeddable":true,"href":"https:\/\/www.studiogera.de\/001\/wp-json\/wp\/v2\/categories?post=39258"},{"taxonomy":"post_tag","embeddable":true,"href":"https:\/\/www.studiogera.de\/001\/wp-json\/wp\/v2\/tags?post=39258"}],"curies":[{"name":"wp","href":"https:\/\/api.w.org\/{rel}","templated":true}]}}