{"id":39266,"date":"2025-09-29T11:30:51","date_gmt":"2025-09-29T09:30:51","guid":{"rendered":"https:\/\/www.studiogera.de\/001\/?p=39266"},"modified":"2025-09-29T11:30:52","modified_gmt":"2025-09-29T09:30:52","slug":"herbstliche-kammermusik-am-5-oktober-2025-in-gera","status":"publish","type":"post","link":"https:\/\/www.studiogera.de\/001\/2025\/09\/29\/herbstliche-kammermusik-am-5-oktober-2025-in-gera\/","title":{"rendered":"HERBSTLICHE KAMMERMUSIK AM 5. OKTOBER 2025 IN GERA"},"content":{"rendered":"\n<p>Unter dem Motto \u201eDie Natur muss gef\u00fchlt werden\u201c von Alexander von Humboldt laden Musiker des Philharmonischen Orchesters Altenburg Gera am Sonntag, den 5. Oktober 2025, um 11 Uhr zum 329. Foyerkonzert im Konzertsaalfoyer des Theaters Gera ein.<\/p>\n\n\n\n<p>Im Mittelpunkt steht eines der klangsch\u00f6nsten Kammermusikwerke des 19. Jahrhunderts: das Horntrio Es-Dur op. 40 von Johannes Brahms. Entstanden im Sommer 1865 w\u00e4hrend eines Kuraufenthaltes in Baden-Baden, sind die Themen des Werkes inspiriert von Brahms\u2019 morgendlichen Spazierg\u00e4ngen im Schwarzwald. Mit der besonderen Besetzung von Horn, Violine und Klavier beschw\u00f6rt das Werk eine romantische Naturstimmung \u2013 die H\u00f6rnerkl\u00e4nge rufen die freie Natur und die Welt des Waldes in den Konzertsaal.<\/p>\n\n\n\n<p>Erg\u00e4nzt wird das Programm durch Sonaten von Robert Schumann und Johannes Brahms. Es musizieren die Konzertmeisterin Judith Eisenhofer, Solo-Hornist Luis Fernando Mayo Ospina und Pianist Mikhail Kambarov.<\/p>\n\n\n\n<p>Eintrittskarten sind an den Theaterkassen sowie \u00fcber die Webseite des Theaters erh\u00e4ltlich. Diese sind unter der Rufnummer 0365 8279105 bzw. 03447 585160 sowie \u00fcber \u201ehttps:\/\/theater-altenburg-gera.de\/\u201d erreichbar.<\/p>\n\n\n\n<p>QUELLE: THEATER ALTENBURG GERA GGMBH<\/p>\n","protected":false},"excerpt":{"rendered":"<div class=\"mh-excerpt\"><p>Unter dem Motto \u201eDie Natur muss gef\u00fchlt werden\u201c von Alexander von Humboldt laden Musiker des Philharmonischen Orchesters Altenburg Gera am Sonntag, den 5. Oktober 2025, um 11 Uhr zum 329. Foyerkonzert im Konzertsaalfoyer des Theaters <a class=\"mh-excerpt-more\" href=\"https:\/\/www.studiogera.de\/001\/2025\/09\/29\/herbstliche-kammermusik-am-5-oktober-2025-in-gera\/\" title=\"HERBSTLICHE KAMMERMUSIK AM 5. OKTOBER 2025 IN GERA\">[&#8230;]<\/a><\/p>\n<\/div>","protected":false},"author":2,"featured_media":39267,"comment_status":"open","ping_status":"open","sticky":false,"template":"","format":"standard","meta":{"footnotes":""},"categories":[15],"tags":[],"class_list":{"0":"post-39266","1":"post","2":"type-post","3":"status-publish","4":"format-standard","5":"has-post-thumbnail","7":"category-theater"},"_links":{"self":[{"href":"https:\/\/www.studiogera.de\/001\/wp-json\/wp\/v2\/posts\/39266","targetHints":{"allow":["GET"]}}],"collection":[{"href":"https:\/\/www.studiogera.de\/001\/wp-json\/wp\/v2\/posts"}],"about":[{"href":"https:\/\/www.studiogera.de\/001\/wp-json\/wp\/v2\/types\/post"}],"author":[{"embeddable":true,"href":"https:\/\/www.studiogera.de\/001\/wp-json\/wp\/v2\/users\/2"}],"replies":[{"embeddable":true,"href":"https:\/\/www.studiogera.de\/001\/wp-json\/wp\/v2\/comments?post=39266"}],"version-history":[{"count":1,"href":"https:\/\/www.studiogera.de\/001\/wp-json\/wp\/v2\/posts\/39266\/revisions"}],"predecessor-version":[{"id":39268,"href":"https:\/\/www.studiogera.de\/001\/wp-json\/wp\/v2\/posts\/39266\/revisions\/39268"}],"wp:featuredmedia":[{"embeddable":true,"href":"https:\/\/www.studiogera.de\/001\/wp-json\/wp\/v2\/media\/39267"}],"wp:attachment":[{"href":"https:\/\/www.studiogera.de\/001\/wp-json\/wp\/v2\/media?parent=39266"}],"wp:term":[{"taxonomy":"category","embeddable":true,"href":"https:\/\/www.studiogera.de\/001\/wp-json\/wp\/v2\/categories?post=39266"},{"taxonomy":"post_tag","embeddable":true,"href":"https:\/\/www.studiogera.de\/001\/wp-json\/wp\/v2\/tags?post=39266"}],"curies":[{"name":"wp","href":"https:\/\/api.w.org\/{rel}","templated":true}]}}