{"id":39272,"date":"2025-09-29T12:09:54","date_gmt":"2025-09-29T10:09:54","guid":{"rendered":"https:\/\/www.studiogera.de\/001\/?p=39272"},"modified":"2025-09-29T12:09:56","modified_gmt":"2025-09-29T10:09:56","slug":"uebung-zum-hochwasserschutz","status":"publish","type":"post","link":"https:\/\/www.studiogera.de\/001\/2025\/09\/29\/uebung-zum-hochwasserschutz\/","title":{"rendered":"\u00dcBUNG ZUM HOCHWASSERSCHUTZ"},"content":{"rendered":"\n<p>Am Samstag, den 27. September 2025, fand in Gera eine gro\u00dfangelegte Hochwasserschutz\u00fcbung unter der Leitung der Feuerwehr statt. Ziel der \u00dcbung war es, die Abl\u00e4ufe im Ernstfall zu trainieren, bestehende Einsatzstrukturen zu festigen und die organisations\u00fcbergreifende Zusammenarbeit zu st\u00e4rken \u2013 mit dem klaren Fokus auf den Schutz der Bev\u00f6lkerung.<\/p>\n\n\n\n<p>Bereits in den Morgenstunden begannen die Einsatzkr\u00e4fte mit einer umfangreichen Stationsausbildung. Ge\u00fcbt wurde unter anderem der Umgang mit der Sandsackf\u00fcllmaschine, der logistische Ablauf der Materialverteilung sowie der fachgerechte Verbau von Sands\u00e4cken und der Einsatz mobiler Hochwasserschutzsysteme.<\/p>\n\n\n\n<p>An der \u00dcbung beteiligt waren neben den Freiwilligen Feuerwehren aus Rosch\u00fctz, Thr\u00e4nitz, Aga, Dorna, Frankenthal und Mitte auch die Wasserwehr sowie das Technische Hilfswerk (THW). Die reibungslose Zusammenarbeit aller Beteiligten zeigte eindrucksvoll, wie wichtig ein koordiniertes und abgestimmtes Vorgehen im Krisenfall ist. Die Feuerwehr betont:<\/p>\n\n\n\n<blockquote class=\"wp-block-quote is-layout-flow wp-block-quote-is-layout-flow\">\n<p>\u201eDer Hochwasserschutz ist eine der zentralen Aufgaben im Bev\u00f6lkerungsschutz. Solche \u00dcbungen sind unverzichtbar, um im Notfall vorbereitet zu sein und Sch\u00e4den so gering wie m\u00f6glich zu halten.\u201c<\/p>\n<\/blockquote>\n\n\n\n<p>Mit der \u00dcbung wurde nicht nur praktisches Wissen vertieft, sondern auch das partnerschaftliche Miteinander zwischen den verschiedenen Einsatzkr\u00e4ften weiter gest\u00e4rkt. Die gewonnenen Erfahrungen tragen dazu bei, dass Gera auch in Zukunft gut auf m\u00f6gliche Hochwasserlagen vorbereitet ist.<\/p>\n\n\n\n<p>QUELLE: STADTVERWALTUNG<\/p>\n","protected":false},"excerpt":{"rendered":"<div class=\"mh-excerpt\"><p>Am Samstag, den 27. September 2025, fand in Gera eine gro\u00dfangelegte Hochwasserschutz\u00fcbung unter der Leitung der Feuerwehr statt. Ziel der \u00dcbung war es, die Abl\u00e4ufe im Ernstfall zu trainieren, bestehende Einsatzstrukturen zu festigen und die <a class=\"mh-excerpt-more\" href=\"https:\/\/www.studiogera.de\/001\/2025\/09\/29\/uebung-zum-hochwasserschutz\/\" title=\"\u00dcBUNG ZUM HOCHWASSERSCHUTZ\">[&#8230;]<\/a><\/p>\n<\/div>","protected":false},"author":2,"featured_media":39273,"comment_status":"open","ping_status":"open","sticky":false,"template":"","format":"standard","meta":{"footnotes":""},"categories":[3],"tags":[],"class_list":{"0":"post-39272","1":"post","2":"type-post","3":"status-publish","4":"format-standard","5":"has-post-thumbnail","7":"category-lokal"},"_links":{"self":[{"href":"https:\/\/www.studiogera.de\/001\/wp-json\/wp\/v2\/posts\/39272","targetHints":{"allow":["GET"]}}],"collection":[{"href":"https:\/\/www.studiogera.de\/001\/wp-json\/wp\/v2\/posts"}],"about":[{"href":"https:\/\/www.studiogera.de\/001\/wp-json\/wp\/v2\/types\/post"}],"author":[{"embeddable":true,"href":"https:\/\/www.studiogera.de\/001\/wp-json\/wp\/v2\/users\/2"}],"replies":[{"embeddable":true,"href":"https:\/\/www.studiogera.de\/001\/wp-json\/wp\/v2\/comments?post=39272"}],"version-history":[{"count":1,"href":"https:\/\/www.studiogera.de\/001\/wp-json\/wp\/v2\/posts\/39272\/revisions"}],"predecessor-version":[{"id":39274,"href":"https:\/\/www.studiogera.de\/001\/wp-json\/wp\/v2\/posts\/39272\/revisions\/39274"}],"wp:featuredmedia":[{"embeddable":true,"href":"https:\/\/www.studiogera.de\/001\/wp-json\/wp\/v2\/media\/39273"}],"wp:attachment":[{"href":"https:\/\/www.studiogera.de\/001\/wp-json\/wp\/v2\/media?parent=39272"}],"wp:term":[{"taxonomy":"category","embeddable":true,"href":"https:\/\/www.studiogera.de\/001\/wp-json\/wp\/v2\/categories?post=39272"},{"taxonomy":"post_tag","embeddable":true,"href":"https:\/\/www.studiogera.de\/001\/wp-json\/wp\/v2\/tags?post=39272"}],"curies":[{"name":"wp","href":"https:\/\/api.w.org\/{rel}","templated":true}]}}