{"id":39275,"date":"2025-09-29T18:10:00","date_gmt":"2025-09-29T16:10:00","guid":{"rendered":"https:\/\/www.studiogera.de\/001\/?p=39275"},"modified":"2025-09-29T12:18:00","modified_gmt":"2025-09-29T10:18:00","slug":"friedhofsverwaltung-bietet-sprechstunde-am-suedfriedhof-an","status":"publish","type":"post","link":"https:\/\/www.studiogera.de\/001\/2025\/09\/29\/friedhofsverwaltung-bietet-sprechstunde-am-suedfriedhof-an\/","title":{"rendered":"FRIEDHOFSVERWALTUNG BIETET SPRECHSTUNDE AM S\u00dcDFRIEDHOF AN"},"content":{"rendered":"\n<p>B\u00fcrger k\u00f6nnen ab dieser Woche wieder direkt auf dem S\u00fcdfriedhof mit der Friedhofsverwaltung Kontakt aufnehmen: Ab dem 1. Oktober 2025 ist das Verwaltungsb\u00fcro an der alten Feierhalle auf dem S\u00fcdfriedhof regelm\u00e4\u00dfig ge\u00f6ffnet. Immer am ersten Mittwoch im Monat steht in der Zeit von 9 Uhr bis 12 Uhr eine Mitarbeiterin der Friedhofsverwaltung f\u00fcr Anliegen der B\u00fcrger zur Verf\u00fcgung. Neben Fragen rund um die Angebote der Verwaltung k\u00f6nnen sich Interessierte auch \u00fcber aktuelle Themen, Veranstaltungen oder auch \u00d6ffnungszeiten informieren. Ansprechpartnerin Frau Horn ist unter der Rufnummer +493658333842 sowie \u00fcber\u00a0\u201e<a href=\"mailto:Horn.Antje@gera.de\">Horn.Antje@gera.de<\/a>\u201c erreichbar.<\/p>\n\n\n\n<p>QUELLE: STADTVERWALTUNG<\/p>\n","protected":false},"excerpt":{"rendered":"<div class=\"mh-excerpt\"><p>B\u00fcrger k\u00f6nnen ab dieser Woche wieder direkt auf dem S\u00fcdfriedhof mit der Friedhofsverwaltung Kontakt aufnehmen: Ab dem 1. Oktober 2025 ist das Verwaltungsb\u00fcro an der alten Feierhalle auf dem S\u00fcdfriedhof regelm\u00e4\u00dfig ge\u00f6ffnet. Immer am ersten <a class=\"mh-excerpt-more\" href=\"https:\/\/www.studiogera.de\/001\/2025\/09\/29\/friedhofsverwaltung-bietet-sprechstunde-am-suedfriedhof-an\/\" title=\"FRIEDHOFSVERWALTUNG BIETET SPRECHSTUNDE AM S\u00dcDFRIEDHOF AN\">[&#8230;]<\/a><\/p>\n<\/div>","protected":false},"author":2,"featured_media":39276,"comment_status":"open","ping_status":"open","sticky":false,"template":"","format":"standard","meta":{"footnotes":""},"categories":[16],"tags":[],"class_list":{"0":"post-39275","1":"post","2":"type-post","3":"status-publish","4":"format-standard","5":"has-post-thumbnail","7":"category-kurzmitteilungen"},"_links":{"self":[{"href":"https:\/\/www.studiogera.de\/001\/wp-json\/wp\/v2\/posts\/39275","targetHints":{"allow":["GET"]}}],"collection":[{"href":"https:\/\/www.studiogera.de\/001\/wp-json\/wp\/v2\/posts"}],"about":[{"href":"https:\/\/www.studiogera.de\/001\/wp-json\/wp\/v2\/types\/post"}],"author":[{"embeddable":true,"href":"https:\/\/www.studiogera.de\/001\/wp-json\/wp\/v2\/users\/2"}],"replies":[{"embeddable":true,"href":"https:\/\/www.studiogera.de\/001\/wp-json\/wp\/v2\/comments?post=39275"}],"version-history":[{"count":1,"href":"https:\/\/www.studiogera.de\/001\/wp-json\/wp\/v2\/posts\/39275\/revisions"}],"predecessor-version":[{"id":39277,"href":"https:\/\/www.studiogera.de\/001\/wp-json\/wp\/v2\/posts\/39275\/revisions\/39277"}],"wp:featuredmedia":[{"embeddable":true,"href":"https:\/\/www.studiogera.de\/001\/wp-json\/wp\/v2\/media\/39276"}],"wp:attachment":[{"href":"https:\/\/www.studiogera.de\/001\/wp-json\/wp\/v2\/media?parent=39275"}],"wp:term":[{"taxonomy":"category","embeddable":true,"href":"https:\/\/www.studiogera.de\/001\/wp-json\/wp\/v2\/categories?post=39275"},{"taxonomy":"post_tag","embeddable":true,"href":"https:\/\/www.studiogera.de\/001\/wp-json\/wp\/v2\/tags?post=39275"}],"curies":[{"name":"wp","href":"https:\/\/api.w.org\/{rel}","templated":true}]}}