{"id":39278,"date":"2025-09-29T12:24:29","date_gmt":"2025-09-29T10:24:29","guid":{"rendered":"https:\/\/www.studiogera.de\/001\/?p=39278"},"modified":"2025-09-29T12:24:30","modified_gmt":"2025-09-29T10:24:30","slug":"feuerwehrleute-geehrt-und-befoerdert","status":"publish","type":"post","link":"https:\/\/www.studiogera.de\/001\/2025\/09\/29\/feuerwehrleute-geehrt-und-befoerdert\/","title":{"rendered":"FEUERWEHRLEUTE GEEHRT UND BEF\u00d6RDERT"},"content":{"rendered":"\n<p>Im festlichen Ambiente des Rathaussaals wurden am Freitag, den 26. September 2025, zahlreiche Feuerwehrangeh\u00f6rige f\u00fcr ihre besonderen Leistungen, ihren beruflichen Einsatz sowie absolvierte Ausbildungswege gew\u00fcrdigt. In Anwesenheit von Oberb\u00fcrgermeister Kurt Dannenberg und Amtsleiter Thilo Sch\u00fctz fanden Ehrungen, Bef\u00f6rderungen und die \u00dcbergabe von Urkunden statt.<\/p>\n\n\n\n<p>Neun Brandmeisteranw\u00e4rter erhielten nach erfolgreichem Abschluss ihrer sechsmonatigen Grundausbildung ihre Urkunden. Der Leiter des Amtes f\u00fcr Brand- und Katastrophenschutz, Thilo Sch\u00fctz, richtete sich in seiner Ansprache direkt an die Absolventen:<\/p>\n\n\n\n<blockquote class=\"wp-block-quote is-layout-flow wp-block-quote-is-layout-flow\">\n<p>\u201eMit dem Ende der Ausbildung legen Sie das Fundament f\u00fcr Ihre weitere Laufbahn bei der Feuerwehr. Ab heute beginnt ein neuer Abschnitt voller Verantwortung und Kameradschaft.\u201c<\/p>\n<\/blockquote>\n\n\n\n<p>Zudem wurden zehn Beamte auf Probe ernannt. Sie haben die 18-monatige Laufbahnausbildung f\u00fcr den mittleren feuerwehrtechnischen Dienst erfolgreich abgeschlossen und verst\u00e4rken ab sofort den Einsatzdienst auf den Feuerwachen der Feuerwehr Gera. Erg\u00e4nzt wurde die Veranstaltung durch die Bef\u00f6rderung von vier Angeh\u00f6rigen in h\u00f6here \u00c4mter. Ein weiterer Kollege wurde zum Beamten auf Lebenszeit ernannt. Thilo Sch\u00fctz unterstrich die Notwendigkeit von Teamgeist und Verl\u00e4sslichkeit im Feuerwehrdienst:<\/p>\n\n\n\n<blockquote class=\"wp-block-quote is-layout-flow wp-block-quote-is-layout-flow\">\n<p>\u201eNur gemeinsam k\u00f6nnen wir den hohen Anforderungen gerecht werden, die der Feuerwehrdienst mit sich bringt. Ihr Engagement und Ihre Treue sind die Grundlage f\u00fcr eine erfolgreiche Zukunft der Feuerwehr Gera.\u201c<\/p>\n<\/blockquote>\n\n\n\n<p>Den feierlichen Abschluss bildete die \u00dcbergabe der Zeugnisse und Urkunden durch den Oberb\u00fcrgermeister und den Amtsleiter. Anschlie\u00dfend klang die Veranstaltung bei einem gemeinsamen Austausch im Rathaussaal aus \u2013 ein w\u00fcrdiger Rahmen, um Verdienste, Einsatzbereitschaft und Treue zur Feuerwehr Gera zu ehren.<\/p>\n\n\n\n<p>QUELLE: STADTVERWALTUNG<\/p>\n","protected":false},"excerpt":{"rendered":"<div class=\"mh-excerpt\"><p>Im festlichen Ambiente des Rathaussaals wurden am Freitag, den 26. September 2025, zahlreiche Feuerwehrangeh\u00f6rige f\u00fcr ihre besonderen Leistungen, ihren beruflichen Einsatz sowie absolvierte Ausbildungswege gew\u00fcrdigt. In Anwesenheit von Oberb\u00fcrgermeister Kurt Dannenberg und Amtsleiter Thilo Sch\u00fctz <a class=\"mh-excerpt-more\" href=\"https:\/\/www.studiogera.de\/001\/2025\/09\/29\/feuerwehrleute-geehrt-und-befoerdert\/\" title=\"FEUERWEHRLEUTE GEEHRT UND BEF\u00d6RDERT\">[&#8230;]<\/a><\/p>\n<\/div>","protected":false},"author":2,"featured_media":39279,"comment_status":"open","ping_status":"open","sticky":false,"template":"","format":"standard","meta":{"footnotes":""},"categories":[3],"tags":[],"class_list":{"0":"post-39278","1":"post","2":"type-post","3":"status-publish","4":"format-standard","5":"has-post-thumbnail","7":"category-lokal"},"_links":{"self":[{"href":"https:\/\/www.studiogera.de\/001\/wp-json\/wp\/v2\/posts\/39278","targetHints":{"allow":["GET"]}}],"collection":[{"href":"https:\/\/www.studiogera.de\/001\/wp-json\/wp\/v2\/posts"}],"about":[{"href":"https:\/\/www.studiogera.de\/001\/wp-json\/wp\/v2\/types\/post"}],"author":[{"embeddable":true,"href":"https:\/\/www.studiogera.de\/001\/wp-json\/wp\/v2\/users\/2"}],"replies":[{"embeddable":true,"href":"https:\/\/www.studiogera.de\/001\/wp-json\/wp\/v2\/comments?post=39278"}],"version-history":[{"count":1,"href":"https:\/\/www.studiogera.de\/001\/wp-json\/wp\/v2\/posts\/39278\/revisions"}],"predecessor-version":[{"id":39280,"href":"https:\/\/www.studiogera.de\/001\/wp-json\/wp\/v2\/posts\/39278\/revisions\/39280"}],"wp:featuredmedia":[{"embeddable":true,"href":"https:\/\/www.studiogera.de\/001\/wp-json\/wp\/v2\/media\/39279"}],"wp:attachment":[{"href":"https:\/\/www.studiogera.de\/001\/wp-json\/wp\/v2\/media?parent=39278"}],"wp:term":[{"taxonomy":"category","embeddable":true,"href":"https:\/\/www.studiogera.de\/001\/wp-json\/wp\/v2\/categories?post=39278"},{"taxonomy":"post_tag","embeddable":true,"href":"https:\/\/www.studiogera.de\/001\/wp-json\/wp\/v2\/tags?post=39278"}],"curies":[{"name":"wp","href":"https:\/\/api.w.org\/{rel}","templated":true}]}}