{"id":39281,"date":"2025-09-29T12:27:00","date_gmt":"2025-09-29T10:27:00","guid":{"rendered":"https:\/\/www.studiogera.de\/001\/?p=39281"},"modified":"2025-09-29T12:27:01","modified_gmt":"2025-09-29T10:27:01","slug":"pkw-ueberschlaegt-sich-zwischen-gera-und-bad-koestritz","status":"publish","type":"post","link":"https:\/\/www.studiogera.de\/001\/2025\/09\/29\/pkw-ueberschlaegt-sich-zwischen-gera-und-bad-koestritz\/","title":{"rendered":"PKW \u00dcBERSCHL\u00c4GT SICH ZWISCHEN GERA UND BAD K\u00d6STRITZ"},"content":{"rendered":"\n<p>Ein 23-j\u00e4hriger Deutscher verlor am Sonntag, den 28. September 2025, gegen 0.55 Uhr auf der L 2323 von Gera nach Bad K\u00f6stritz, vermutlich aufgrund unangepasster Geschwindigkeit, die Kontrolle \u00fcber seinen PKW und kam nach rechts von der Fahrbahn ab. Dabei kollidierte das Fahrzeug mit der Leitplanke, \u00fcberschlug sich und kam auf dem Radweg neben der Stra\u00dfe zum Liegen. Der 23-J\u00e4hrige blieb gl\u00fccklicherweise unverletzt, wurde von der Polizei aber dennoch ins Klinikum gebracht. Dort wurde eine Blutentnahme durchgef\u00fchrt, da eine zuvor erfolgte Atemkontrolle 0,78 pro mille Alkohol ergeben hatte. Am Fahrzeug und der Leitplanke entstand jeweils Sachschaden im mittleren vierstelligen Bereich.<\/p>\n","protected":false},"excerpt":{"rendered":"<div class=\"mh-excerpt\"><p>Ein 23-j\u00e4hriger Deutscher verlor am Sonntag, den 28. September 2025, gegen 0.55 Uhr auf der L 2323 von Gera nach Bad K\u00f6stritz, vermutlich aufgrund unangepasster Geschwindigkeit, die Kontrolle \u00fcber seinen PKW und kam nach rechts <a class=\"mh-excerpt-more\" href=\"https:\/\/www.studiogera.de\/001\/2025\/09\/29\/pkw-ueberschlaegt-sich-zwischen-gera-und-bad-koestritz\/\" title=\"PKW \u00dcBERSCHL\u00c4GT SICH ZWISCHEN GERA UND BAD K\u00d6STRITZ\">[&#8230;]<\/a><\/p>\n<\/div>","protected":false},"author":2,"featured_media":9352,"comment_status":"open","ping_status":"open","sticky":false,"template":"","format":"standard","meta":{"footnotes":""},"categories":[13],"tags":[],"class_list":{"0":"post-39281","1":"post","2":"type-post","3":"status-publish","4":"format-standard","5":"has-post-thumbnail","7":"category-polizeiberichte"},"_links":{"self":[{"href":"https:\/\/www.studiogera.de\/001\/wp-json\/wp\/v2\/posts\/39281","targetHints":{"allow":["GET"]}}],"collection":[{"href":"https:\/\/www.studiogera.de\/001\/wp-json\/wp\/v2\/posts"}],"about":[{"href":"https:\/\/www.studiogera.de\/001\/wp-json\/wp\/v2\/types\/post"}],"author":[{"embeddable":true,"href":"https:\/\/www.studiogera.de\/001\/wp-json\/wp\/v2\/users\/2"}],"replies":[{"embeddable":true,"href":"https:\/\/www.studiogera.de\/001\/wp-json\/wp\/v2\/comments?post=39281"}],"version-history":[{"count":1,"href":"https:\/\/www.studiogera.de\/001\/wp-json\/wp\/v2\/posts\/39281\/revisions"}],"predecessor-version":[{"id":39282,"href":"https:\/\/www.studiogera.de\/001\/wp-json\/wp\/v2\/posts\/39281\/revisions\/39282"}],"wp:featuredmedia":[{"embeddable":true,"href":"https:\/\/www.studiogera.de\/001\/wp-json\/wp\/v2\/media\/9352"}],"wp:attachment":[{"href":"https:\/\/www.studiogera.de\/001\/wp-json\/wp\/v2\/media?parent=39281"}],"wp:term":[{"taxonomy":"category","embeddable":true,"href":"https:\/\/www.studiogera.de\/001\/wp-json\/wp\/v2\/categories?post=39281"},{"taxonomy":"post_tag","embeddable":true,"href":"https:\/\/www.studiogera.de\/001\/wp-json\/wp\/v2\/tags?post=39281"}],"curies":[{"name":"wp","href":"https:\/\/api.w.org\/{rel}","templated":true}]}}