{"id":39285,"date":"2025-09-29T12:34:20","date_gmt":"2025-09-29T10:34:20","guid":{"rendered":"https:\/\/www.studiogera.de\/001\/?p=39285"},"modified":"2025-09-29T12:34:20","modified_gmt":"2025-09-29T10:34:20","slug":"vu-bei-korbussen","status":"publish","type":"post","link":"https:\/\/www.studiogera.de\/001\/2025\/09\/29\/vu-bei-korbussen\/","title":{"rendered":"VU BEI KORBUSSEN"},"content":{"rendered":"\n<p>Am 28. September 2025 um 12.15 Uhr missachtete ein 78-j\u00e4hriger VW-Fahrer das Vorfahrtsrecht eines 71-j\u00e4hrigen BMW-Fahrers, als er von der Korbu\u00dfener Chausee auf die L 1081 abbiegen wollte. Es kam zum Zusammensto\u00df, bei dem der BMW-Fahrer leicht verletzt wurde. Beide Fahrzeuge waren nicht mehr fahrt\u00fcchtig. Der Sachschaden an den PKW wird jeweils auf einen niedrigen f\u00fcnfstelligen Wert gesch\u00e4tzt. Die Polizei Gera hat die Unfallermittlungen eingeleitet.<\/p>\n","protected":false},"excerpt":{"rendered":"<div class=\"mh-excerpt\"><p>Am 28. September 2025 um 12.15 Uhr missachtete ein 78-j\u00e4hriger VW-Fahrer das Vorfahrtsrecht eines 71-j\u00e4hrigen BMW-Fahrers, als er von der Korbu\u00dfener Chausee auf die L 1081 abbiegen wollte. Es kam zum Zusammensto\u00df, bei dem der <a class=\"mh-excerpt-more\" href=\"https:\/\/www.studiogera.de\/001\/2025\/09\/29\/vu-bei-korbussen\/\" title=\"VU BEI KORBUSSEN\">[&#8230;]<\/a><\/p>\n<\/div>","protected":false},"author":2,"featured_media":9356,"comment_status":"open","ping_status":"open","sticky":false,"template":"","format":"standard","meta":{"footnotes":""},"categories":[13],"tags":[],"class_list":{"0":"post-39285","1":"post","2":"type-post","3":"status-publish","4":"format-standard","5":"has-post-thumbnail","7":"category-polizeiberichte"},"_links":{"self":[{"href":"https:\/\/www.studiogera.de\/001\/wp-json\/wp\/v2\/posts\/39285","targetHints":{"allow":["GET"]}}],"collection":[{"href":"https:\/\/www.studiogera.de\/001\/wp-json\/wp\/v2\/posts"}],"about":[{"href":"https:\/\/www.studiogera.de\/001\/wp-json\/wp\/v2\/types\/post"}],"author":[{"embeddable":true,"href":"https:\/\/www.studiogera.de\/001\/wp-json\/wp\/v2\/users\/2"}],"replies":[{"embeddable":true,"href":"https:\/\/www.studiogera.de\/001\/wp-json\/wp\/v2\/comments?post=39285"}],"version-history":[{"count":1,"href":"https:\/\/www.studiogera.de\/001\/wp-json\/wp\/v2\/posts\/39285\/revisions"}],"predecessor-version":[{"id":39286,"href":"https:\/\/www.studiogera.de\/001\/wp-json\/wp\/v2\/posts\/39285\/revisions\/39286"}],"wp:featuredmedia":[{"embeddable":true,"href":"https:\/\/www.studiogera.de\/001\/wp-json\/wp\/v2\/media\/9356"}],"wp:attachment":[{"href":"https:\/\/www.studiogera.de\/001\/wp-json\/wp\/v2\/media?parent=39285"}],"wp:term":[{"taxonomy":"category","embeddable":true,"href":"https:\/\/www.studiogera.de\/001\/wp-json\/wp\/v2\/categories?post=39285"},{"taxonomy":"post_tag","embeddable":true,"href":"https:\/\/www.studiogera.de\/001\/wp-json\/wp\/v2\/tags?post=39285"}],"curies":[{"name":"wp","href":"https:\/\/api.w.org\/{rel}","templated":true}]}}