{"id":39287,"date":"2025-09-30T10:14:12","date_gmt":"2025-09-30T08:14:12","guid":{"rendered":"https:\/\/www.studiogera.de\/001\/?p=39287"},"modified":"2025-09-30T10:14:12","modified_gmt":"2025-09-30T08:14:12","slug":"mehrere-straftaten-bei-verkehrskontrolle-aufgedeckt","status":"publish","type":"post","link":"https:\/\/www.studiogera.de\/001\/2025\/09\/30\/mehrere-straftaten-bei-verkehrskontrolle-aufgedeckt\/","title":{"rendered":"MEHRERE STRAFTATEN BEI VERKEHRSKONTROLLE AUFGEDECKT"},"content":{"rendered":"\n<p>Am Montag, den 29. September 2025, unterzogen Polizisten in der Nacht gegen 22.30 Uhr einen 38-J\u00e4hrigen Seat-Fahrer in der Stra\u00dfe des Bergmanns einer allgemeinen Verkehrskontrolle. Der Georgier zeigte den Beamten einen slowakischen F\u00fchrerschein vor, der sich als F\u00e4lschung herausstellte. Au\u00dferdem ergab eine polizeiliche \u00dcberpr\u00fcfung zum Kennzeichen, dass dieses in mehreren Bundesl\u00e4ndern wegen Tankbetrugs- und Diebstahlsdelikten ausgeschrieben ist. Der 38-J\u00e4hrige wird sich daher nun in mehreren polizeilichen Ermittlungsverfahren verantworten m\u00fcssen.\u00a0<\/p>\n","protected":false},"excerpt":{"rendered":"<div class=\"mh-excerpt\"><p>Am Montag, den 29. September 2025, unterzogen Polizisten in der Nacht gegen 22.30 Uhr einen 38-J\u00e4hrigen Seat-Fahrer in der Stra\u00dfe des Bergmanns einer allgemeinen Verkehrskontrolle. Der Georgier zeigte den Beamten einen slowakischen F\u00fchrerschein vor, der <a class=\"mh-excerpt-more\" href=\"https:\/\/www.studiogera.de\/001\/2025\/09\/30\/mehrere-straftaten-bei-verkehrskontrolle-aufgedeckt\/\" title=\"MEHRERE STRAFTATEN BEI VERKEHRSKONTROLLE AUFGEDECKT\">[&#8230;]<\/a><\/p>\n<\/div>","protected":false},"author":3,"featured_media":22582,"comment_status":"open","ping_status":"open","sticky":false,"template":"","format":"standard","meta":{"footnotes":""},"categories":[13],"tags":[],"class_list":{"0":"post-39287","1":"post","2":"type-post","3":"status-publish","4":"format-standard","5":"has-post-thumbnail","7":"category-polizeiberichte"},"_links":{"self":[{"href":"https:\/\/www.studiogera.de\/001\/wp-json\/wp\/v2\/posts\/39287","targetHints":{"allow":["GET"]}}],"collection":[{"href":"https:\/\/www.studiogera.de\/001\/wp-json\/wp\/v2\/posts"}],"about":[{"href":"https:\/\/www.studiogera.de\/001\/wp-json\/wp\/v2\/types\/post"}],"author":[{"embeddable":true,"href":"https:\/\/www.studiogera.de\/001\/wp-json\/wp\/v2\/users\/3"}],"replies":[{"embeddable":true,"href":"https:\/\/www.studiogera.de\/001\/wp-json\/wp\/v2\/comments?post=39287"}],"version-history":[{"count":1,"href":"https:\/\/www.studiogera.de\/001\/wp-json\/wp\/v2\/posts\/39287\/revisions"}],"predecessor-version":[{"id":39288,"href":"https:\/\/www.studiogera.de\/001\/wp-json\/wp\/v2\/posts\/39287\/revisions\/39288"}],"wp:featuredmedia":[{"embeddable":true,"href":"https:\/\/www.studiogera.de\/001\/wp-json\/wp\/v2\/media\/22582"}],"wp:attachment":[{"href":"https:\/\/www.studiogera.de\/001\/wp-json\/wp\/v2\/media?parent=39287"}],"wp:term":[{"taxonomy":"category","embeddable":true,"href":"https:\/\/www.studiogera.de\/001\/wp-json\/wp\/v2\/categories?post=39287"},{"taxonomy":"post_tag","embeddable":true,"href":"https:\/\/www.studiogera.de\/001\/wp-json\/wp\/v2\/tags?post=39287"}],"curies":[{"name":"wp","href":"https:\/\/api.w.org\/{rel}","templated":true}]}}