{"id":39289,"date":"2025-09-30T10:17:09","date_gmt":"2025-09-30T08:17:09","guid":{"rendered":"https:\/\/www.studiogera.de\/001\/?p=39289"},"modified":"2025-09-30T10:17:10","modified_gmt":"2025-09-30T08:17:10","slug":"pkw-ueberrollt-fussgaengerin-in-der-lasurstrasse","status":"publish","type":"post","link":"https:\/\/www.studiogera.de\/001\/2025\/09\/30\/pkw-ueberrollt-fussgaengerin-in-der-lasurstrasse\/","title":{"rendered":"PKW \u00dcBERROLLT FUSSG\u00c4NGERIN IN DER LASURSTRASSE"},"content":{"rendered":"\n<p>Ein 71-j\u00e4hriger PKW-Fahrer \u00fcbersah am 29. September 2025 gegen 10.15 Uhr beim Einbiegen auf die Lasurstra\u00dfe eine 75-J\u00e4hrige, die gerade dabei war, die Stra\u00dfe zu \u00fcberqueren, und \u00fcberrollte die Fu\u00dfg\u00e4ngerin. Die 75-J\u00e4hrige erlitt dabei schwere Kopf- und Beinverletzungen. Polizei, Feuerwehr und Rettung kamen zum Einsatz, wobei die Lasurstra\u00dfe im Unfallbereich f\u00fcr knapp zwei Stunden vollst\u00e4ndig gesperrt werden musste. Die Seniorin wurde zur Versorgung ins Klinikum gebracht. Die Polizei Gera hat die Unfallermittlungen aufgenommen.\u00a0<\/p>\n","protected":false},"excerpt":{"rendered":"<div class=\"mh-excerpt\"><p>Ein 71-j\u00e4hriger PKW-Fahrer \u00fcbersah am 29. September 2025 gegen 10.15 Uhr beim Einbiegen auf die Lasurstra\u00dfe eine 75-J\u00e4hrige, die gerade dabei war, die Stra\u00dfe zu \u00fcberqueren, und \u00fcberrollte die Fu\u00dfg\u00e4ngerin. Die 75-J\u00e4hrige erlitt dabei schwere <a class=\"mh-excerpt-more\" href=\"https:\/\/www.studiogera.de\/001\/2025\/09\/30\/pkw-ueberrollt-fussgaengerin-in-der-lasurstrasse\/\" title=\"PKW \u00dcBERROLLT FUSSG\u00c4NGERIN IN DER LASURSTRASSE\">[&#8230;]<\/a><\/p>\n<\/div>","protected":false},"author":3,"featured_media":34868,"comment_status":"open","ping_status":"open","sticky":false,"template":"","format":"standard","meta":{"footnotes":""},"categories":[13],"tags":[],"class_list":{"0":"post-39289","1":"post","2":"type-post","3":"status-publish","4":"format-standard","5":"has-post-thumbnail","7":"category-polizeiberichte"},"_links":{"self":[{"href":"https:\/\/www.studiogera.de\/001\/wp-json\/wp\/v2\/posts\/39289","targetHints":{"allow":["GET"]}}],"collection":[{"href":"https:\/\/www.studiogera.de\/001\/wp-json\/wp\/v2\/posts"}],"about":[{"href":"https:\/\/www.studiogera.de\/001\/wp-json\/wp\/v2\/types\/post"}],"author":[{"embeddable":true,"href":"https:\/\/www.studiogera.de\/001\/wp-json\/wp\/v2\/users\/3"}],"replies":[{"embeddable":true,"href":"https:\/\/www.studiogera.de\/001\/wp-json\/wp\/v2\/comments?post=39289"}],"version-history":[{"count":1,"href":"https:\/\/www.studiogera.de\/001\/wp-json\/wp\/v2\/posts\/39289\/revisions"}],"predecessor-version":[{"id":39290,"href":"https:\/\/www.studiogera.de\/001\/wp-json\/wp\/v2\/posts\/39289\/revisions\/39290"}],"wp:featuredmedia":[{"embeddable":true,"href":"https:\/\/www.studiogera.de\/001\/wp-json\/wp\/v2\/media\/34868"}],"wp:attachment":[{"href":"https:\/\/www.studiogera.de\/001\/wp-json\/wp\/v2\/media?parent=39289"}],"wp:term":[{"taxonomy":"category","embeddable":true,"href":"https:\/\/www.studiogera.de\/001\/wp-json\/wp\/v2\/categories?post=39289"},{"taxonomy":"post_tag","embeddable":true,"href":"https:\/\/www.studiogera.de\/001\/wp-json\/wp\/v2\/tags?post=39289"}],"curies":[{"name":"wp","href":"https:\/\/api.w.org\/{rel}","templated":true}]}}