{"id":3929,"date":"2018-05-25T02:25:58","date_gmt":"2018-05-25T00:25:58","guid":{"rendered":"http:\/\/www.studiogera.de\/001\/?p=3929"},"modified":"2018-05-25T02:25:58","modified_gmt":"2018-05-25T00:25:58","slug":"personenbezogene-daten-und-datenschutz","status":"publish","type":"post","link":"https:\/\/www.studiogera.de\/001\/2018\/05\/25\/personenbezogene-daten-und-datenschutz\/","title":{"rendered":"PERSONENBEZOGENE DATEN UND DATENSCHUTZ"},"content":{"rendered":"<p>Ab dem 25. Mai 2018 wird in der EU die Datenschutz-Grundverordnung angewandt. Sie b\u00fcndelt Vorschriften der einzelnen Mitgliedsstaaten und schafft einen einheitlichen Standard. In Deutschland entfallen daf\u00fcr beispielsweise abweichende Regelungen im TMG und BDSG.<\/p>\n<p>Die Datenschutz-Grundverordnung ist auf der Seite https:\/\/dsgvo-gesetz.de\/ einsehbar. Unsere Datenschutzhinweise wurden entsprechend aktualisiert. Wir verwenden Daten, die f\u00fcr die Nutzung des Inhaltsverwaltungssystems (Content-Management-System) einschlie\u00dflich der Statistik notwendig sind und unmittelbar keiner Person zugeordnet werden k\u00f6nnen. Dar\u00fcber hinaus enthalten einzelne Berichte personenbezogene Angaben und Fotografien mit erkennbaren Personen. Diese sind Teil der Abbildung des Zeitgeschehens und werden in der Regel von Presseabteilungen zur Verf\u00fcgung gestellt. Eine einmal erteilte Einwilligung zur Ver\u00f6ffentlichung kann jederzeit widerrufen werden.<\/p>\n<p>Mit der neuen E-Privacy-Verordnung entf\u00e4llt in puncto Cookies die Sonderregelung f\u00fcr Deutschland. K\u00fcnftig wird auch hierzulande nach dem Opt-In-System verfahren werden m\u00fcssen. Unser Dienst verwendet lediglich sogenannte Session-Cookies, die technisch notwendig sind und keiner expliziten Zustimmung bed\u00fcrfen.<\/p>\n<p>F\u00fcr Fragen und Anliegen zum Datenschutz bzw. personenbezogenen Daten verwenden Sie bitte die Kontaktadresse post@studiogera.de.<\/p>\n","protected":false},"excerpt":{"rendered":"<div class=\"mh-excerpt\"><p>Ab dem 25. Mai 2018 wird in der EU die Datenschutz-Grundverordnung angewandt. Sie b\u00fcndelt Vorschriften der einzelnen Mitgliedsstaaten und schafft einen einheitlichen Standard. In Deutschland entfallen daf\u00fcr beispielsweise abweichende Regelungen im TMG und BDSG. Die <a class=\"mh-excerpt-more\" href=\"https:\/\/www.studiogera.de\/001\/2018\/05\/25\/personenbezogene-daten-und-datenschutz\/\" title=\"PERSONENBEZOGENE DATEN UND DATENSCHUTZ\">[&#8230;]<\/a><\/p>\n<\/div>","protected":false},"author":2,"featured_media":330,"comment_status":"open","ping_status":"open","sticky":false,"template":"","format":"standard","meta":{"footnotes":""},"categories":[10],"tags":[],"class_list":{"0":"post-3929","1":"post","2":"type-post","3":"status-publish","4":"format-standard","5":"has-post-thumbnail","7":"category-internes"},"_links":{"self":[{"href":"https:\/\/www.studiogera.de\/001\/wp-json\/wp\/v2\/posts\/3929","targetHints":{"allow":["GET"]}}],"collection":[{"href":"https:\/\/www.studiogera.de\/001\/wp-json\/wp\/v2\/posts"}],"about":[{"href":"https:\/\/www.studiogera.de\/001\/wp-json\/wp\/v2\/types\/post"}],"author":[{"embeddable":true,"href":"https:\/\/www.studiogera.de\/001\/wp-json\/wp\/v2\/users\/2"}],"replies":[{"embeddable":true,"href":"https:\/\/www.studiogera.de\/001\/wp-json\/wp\/v2\/comments?post=3929"}],"version-history":[{"count":1,"href":"https:\/\/www.studiogera.de\/001\/wp-json\/wp\/v2\/posts\/3929\/revisions"}],"predecessor-version":[{"id":3930,"href":"https:\/\/www.studiogera.de\/001\/wp-json\/wp\/v2\/posts\/3929\/revisions\/3930"}],"wp:featuredmedia":[{"embeddable":true,"href":"https:\/\/www.studiogera.de\/001\/wp-json\/wp\/v2\/media\/330"}],"wp:attachment":[{"href":"https:\/\/www.studiogera.de\/001\/wp-json\/wp\/v2\/media?parent=3929"}],"wp:term":[{"taxonomy":"category","embeddable":true,"href":"https:\/\/www.studiogera.de\/001\/wp-json\/wp\/v2\/categories?post=3929"},{"taxonomy":"post_tag","embeddable":true,"href":"https:\/\/www.studiogera.de\/001\/wp-json\/wp\/v2\/tags?post=3929"}],"curies":[{"name":"wp","href":"https:\/\/api.w.org\/{rel}","templated":true}]}}