{"id":39294,"date":"2025-09-30T11:06:32","date_gmt":"2025-09-30T09:06:32","guid":{"rendered":"https:\/\/www.studiogera.de\/001\/?p=39294"},"modified":"2025-09-30T11:06:33","modified_gmt":"2025-09-30T09:06:33","slug":"15-jahre-metropolitan-jazz-orchestra-gera","status":"publish","type":"post","link":"https:\/\/www.studiogera.de\/001\/2025\/09\/30\/15-jahre-metropolitan-jazz-orchestra-gera\/","title":{"rendered":"15 JAHRE METROPOLITAN JAZZ ORCHESTRA GERA"},"content":{"rendered":"\n<p>Seit seiner Gr\u00fcndung im Jahr 2010 bereichert das Metropolitan Jazz Orchestra Gera mit seiner Energie und Vielseitigkeit die Region mit unverwechselbarem Bigband-Sound und ist ein fester Bestandteil der hiesigen Kulturlandschaft. Am Sonnabend, den 18. Oktober 2025, um 19.30 Uhr feiert das Ensemble sein 15-j\u00e4hriges Bestehen im Konzertsaal Gera mit einem besonderen Jubil\u00e4umskonzert.<\/p>\n\n\n\n<p>Das Programm spannt einen Bogen \u00fcber die musikalische Vielfalt der vergangenen Jahre und bietet einen Querschnitt durch Klassiker, Lieblingsst\u00fccke und unvergessene Momente. Die Band pr\u00e4sentiert sich in klassischer Bigband-Besetzung. Den besonderen Glanz des Abends verleiht die Stimme von Jule Ro\u00dfberg. Als H\u00f6hepunkt wird au\u00dferdem der Tanzkreis Brillant Gera unter Leitung von Ingo Ronneberger das Konzert mit t\u00e4nzerischen Darbietungen bereichern.<\/p>\n\n\n\n<p>Eintrittskarten sind an den Theaterkassen sowie \u00fcber die Webseite des Theaters erh\u00e4ltlich. Diese sind unter der Rufnummer 0365 8279105 bzw. 03447 585160 sowie \u00fcber \u201ehttps:\/\/theater-altenburg-gera.de\/\u201d erreichbar.<\/p>\n\n\n\n<p>QUELLE: THEATER ALTENBURG GERA GGMBH<\/p>\n","protected":false},"excerpt":{"rendered":"<div class=\"mh-excerpt\"><p>Seit seiner Gr\u00fcndung im Jahr 2010 bereichert das Metropolitan Jazz Orchestra Gera mit seiner Energie und Vielseitigkeit die Region mit unverwechselbarem Bigband-Sound und ist ein fester Bestandteil der hiesigen Kulturlandschaft. Am Sonnabend, den 18. Oktober <a class=\"mh-excerpt-more\" href=\"https:\/\/www.studiogera.de\/001\/2025\/09\/30\/15-jahre-metropolitan-jazz-orchestra-gera\/\" title=\"15 JAHRE METROPOLITAN JAZZ ORCHESTRA GERA\">[&#8230;]<\/a><\/p>\n<\/div>","protected":false},"author":2,"featured_media":39295,"comment_status":"open","ping_status":"open","sticky":false,"template":"","format":"standard","meta":{"footnotes":""},"categories":[15],"tags":[],"class_list":{"0":"post-39294","1":"post","2":"type-post","3":"status-publish","4":"format-standard","5":"has-post-thumbnail","7":"category-theater"},"_links":{"self":[{"href":"https:\/\/www.studiogera.de\/001\/wp-json\/wp\/v2\/posts\/39294","targetHints":{"allow":["GET"]}}],"collection":[{"href":"https:\/\/www.studiogera.de\/001\/wp-json\/wp\/v2\/posts"}],"about":[{"href":"https:\/\/www.studiogera.de\/001\/wp-json\/wp\/v2\/types\/post"}],"author":[{"embeddable":true,"href":"https:\/\/www.studiogera.de\/001\/wp-json\/wp\/v2\/users\/2"}],"replies":[{"embeddable":true,"href":"https:\/\/www.studiogera.de\/001\/wp-json\/wp\/v2\/comments?post=39294"}],"version-history":[{"count":1,"href":"https:\/\/www.studiogera.de\/001\/wp-json\/wp\/v2\/posts\/39294\/revisions"}],"predecessor-version":[{"id":39296,"href":"https:\/\/www.studiogera.de\/001\/wp-json\/wp\/v2\/posts\/39294\/revisions\/39296"}],"wp:featuredmedia":[{"embeddable":true,"href":"https:\/\/www.studiogera.de\/001\/wp-json\/wp\/v2\/media\/39295"}],"wp:attachment":[{"href":"https:\/\/www.studiogera.de\/001\/wp-json\/wp\/v2\/media?parent=39294"}],"wp:term":[{"taxonomy":"category","embeddable":true,"href":"https:\/\/www.studiogera.de\/001\/wp-json\/wp\/v2\/categories?post=39294"},{"taxonomy":"post_tag","embeddable":true,"href":"https:\/\/www.studiogera.de\/001\/wp-json\/wp\/v2\/tags?post=39294"}],"curies":[{"name":"wp","href":"https:\/\/api.w.org\/{rel}","templated":true}]}}