{"id":39297,"date":"2025-09-30T11:15:23","date_gmt":"2025-09-30T09:15:23","guid":{"rendered":"https:\/\/www.studiogera.de\/001\/?p=39297"},"modified":"2025-09-30T11:15:23","modified_gmt":"2025-09-30T09:15:23","slug":"freie-plaetze-im-herbstprogramm-der-volkshochschule","status":"publish","type":"post","link":"https:\/\/www.studiogera.de\/001\/2025\/09\/30\/freie-plaetze-im-herbstprogramm-der-volkshochschule\/","title":{"rendered":"FREIE PL\u00c4TZE IM HERBSTPROGRAMM DER VOLKSHOCHSCHULE"},"content":{"rendered":"\n<p>Die Geraer Volkshochschule bietet im Herbstsemester 2025 ein breites Spektrum an Kursen. Seit dem 7. August 2025 ist das neue Programm unter \u201ewww.volkshochschule-gera.de\u201c verf\u00fcgbar. In mehreren Bereichen sind noch Pl\u00e4tze frei.<\/p>\n\n\n\n<p>In der digitalen Bildung gibt es Angebote zu Microsoft Office, Buchf\u00fchrung f\u00fcr Fortgeschrittene, Excel, Smartphone-Nutzung und Online-Marketing. F\u00fcr Technikinteressierte steht eine Mitmachveranstaltung zur K\u00fcnstlichen Intelligenz auf dem Programm. Bewegungskurse wie Stretching, Capoeira und Aroha bieten Gelegenheit, den eigenen K\u00f6rper besser kennenzulernen und neue Trainingsformen auszuprobieren. Die Verbraucherzentrale besch\u00e4ftigt sich mit Einkaufsstrategien und typischen Verkaufsmechanismen im Supermarkt. F\u00fcr Sprachbegeisterte gibt es freie Pl\u00e4tze in den Anf\u00e4ngerkursen f\u00fcr Russisch und Englisch. Das breite Angebot wird erg\u00e4nzt durch zahlreiche Kreativkurse, die bis in den Winter hinein Bildung und Kommunikation vor Ort versprechen.<\/p>\n\n\n\n<p>QUELLE: STADTVERWALTUNG<\/p>\n","protected":false},"excerpt":{"rendered":"<div class=\"mh-excerpt\"><p>Die Geraer Volkshochschule bietet im Herbstsemester 2025 ein breites Spektrum an Kursen. Seit dem 7. August 2025 ist das neue Programm unter \u201ewww.volkshochschule-gera.de\u201c verf\u00fcgbar. In mehreren Bereichen sind noch Pl\u00e4tze frei. In der digitalen Bildung <a class=\"mh-excerpt-more\" href=\"https:\/\/www.studiogera.de\/001\/2025\/09\/30\/freie-plaetze-im-herbstprogramm-der-volkshochschule\/\" title=\"FREIE PL\u00c4TZE IM HERBSTPROGRAMM DER VOLKSHOCHSCHULE\">[&#8230;]<\/a><\/p>\n<\/div>","protected":false},"author":2,"featured_media":39298,"comment_status":"open","ping_status":"open","sticky":false,"template":"","format":"standard","meta":{"footnotes":""},"categories":[8],"tags":[],"class_list":{"0":"post-39297","1":"post","2":"type-post","3":"status-publish","4":"format-standard","5":"has-post-thumbnail","7":"category-kultur"},"_links":{"self":[{"href":"https:\/\/www.studiogera.de\/001\/wp-json\/wp\/v2\/posts\/39297","targetHints":{"allow":["GET"]}}],"collection":[{"href":"https:\/\/www.studiogera.de\/001\/wp-json\/wp\/v2\/posts"}],"about":[{"href":"https:\/\/www.studiogera.de\/001\/wp-json\/wp\/v2\/types\/post"}],"author":[{"embeddable":true,"href":"https:\/\/www.studiogera.de\/001\/wp-json\/wp\/v2\/users\/2"}],"replies":[{"embeddable":true,"href":"https:\/\/www.studiogera.de\/001\/wp-json\/wp\/v2\/comments?post=39297"}],"version-history":[{"count":1,"href":"https:\/\/www.studiogera.de\/001\/wp-json\/wp\/v2\/posts\/39297\/revisions"}],"predecessor-version":[{"id":39299,"href":"https:\/\/www.studiogera.de\/001\/wp-json\/wp\/v2\/posts\/39297\/revisions\/39299"}],"wp:featuredmedia":[{"embeddable":true,"href":"https:\/\/www.studiogera.de\/001\/wp-json\/wp\/v2\/media\/39298"}],"wp:attachment":[{"href":"https:\/\/www.studiogera.de\/001\/wp-json\/wp\/v2\/media?parent=39297"}],"wp:term":[{"taxonomy":"category","embeddable":true,"href":"https:\/\/www.studiogera.de\/001\/wp-json\/wp\/v2\/categories?post=39297"},{"taxonomy":"post_tag","embeddable":true,"href":"https:\/\/www.studiogera.de\/001\/wp-json\/wp\/v2\/tags?post=39297"}],"curies":[{"name":"wp","href":"https:\/\/api.w.org\/{rel}","templated":true}]}}