{"id":39300,"date":"2025-09-30T11:28:00","date_gmt":"2025-09-30T09:28:00","guid":{"rendered":"https:\/\/www.studiogera.de\/001\/?p=39300"},"modified":"2025-09-30T11:28:02","modified_gmt":"2025-09-30T09:28:02","slug":"tierparkk-und-biohof-aga-fuehren-schichtwechsel-durch","status":"publish","type":"post","link":"https:\/\/www.studiogera.de\/001\/2025\/09\/30\/tierparkk-und-biohof-aga-fuehren-schichtwechsel-durch\/","title":{"rendered":"TIERPARKK UND BIOHOF AGA F\u00dcHREN \u201eSCHICHTWECHSEL\u201c DURCH"},"content":{"rendered":"\n<p>Am Donnerstag, den 25. September 2025, hie\u00df es im Geraer Tierpark \u201eSchichtwechsel\u201c: Im Rahmen des bundesweiten Aktionstags tauschte ein Mitarbeiter des Tierparks f\u00fcr einen Tag den Arbeitsplatz mit einer Mitarbeiterin vom Biohof Aga, die dort in einer Werkstatt der Lebenshilfe Gera t\u00e4tig ist. Ziel war es, Ber\u00fchrungs\u00e4ngste abzubauen, neue Perspektiven zu er\u00f6ffnen und die Inklusion von Menschen mit Behinderung im Arbeitsleben zu st\u00e4rken. Geras Oberb\u00fcrgermeister Kurt Dannenberg begr\u00fc\u00dfte die Aktion ausdr\u00fccklich und betonte deren gesellschaftliche Bedeutung:<\/p>\n\n\n\n<blockquote class=\"wp-block-quote is-layout-flow wp-block-quote-is-layout-flow\">\n<p>\u201eDer Aktionstag \u201aSchichtwechsel\u2018 ist ein starkes Zeichen f\u00fcr gelebte Inklusion. Er zeigt uns, wie wichtig es ist, Barrieren nicht nur abzubauen, sondern gar nicht erst entstehen zu lassen. Indem wir Einblicke in andere Lebens- und Arbeitsrealit\u00e4ten erm\u00f6glichen, f\u00f6rdern wir gegenseitiges Verst\u00e4ndnis und ein Miteinander auf Augenh\u00f6he. Denn nur so kann auch ein \u201aSichtwechsel\u2018 gelingen. Daher freue ich mich sehr, dass sich mit dem Tierpark auch eine st\u00e4dtische Einrichtung an dem Projekt beteiligt.\u201c<\/p>\n<\/blockquote>\n\n\n\n<p>Kathleen L\u00e4ssig, die auf dem Biohof Aga eigentlich in der Gem\u00fcseverarbeitung t\u00e4tig ist, durfte im Rahmen des Aktionstags bei den Handwerkern des Tierparks mit anpacken und am neuen Zaun f\u00fcr den Stall der Owamboziegen mithelfen. Betreut wurde sie dabei von Ren\u00e9 Meyer von der Lebenshilfe und Sven Zimmermann, Handwerker im Tierpark. Markus Th\u00fcmmler, sonst Handwerker im Martinsgrund, bekam wiederum die Gelegenheit, das Gew\u00e4chshaus der Lebenshilfe in Aga kennenzulernen und bei den t\u00e4glichen Aufgaben im Umgang mit den Pflanzen mitzuwirken. Der Austausch erm\u00f6glichte beiden Teilnehmern einen spannenden Einblick in die jeweils andere Arbeitswelt und f\u00f6rderte das gegenseitige Verst\u00e4ndnis f\u00fcr die vielf\u00e4ltigen T\u00e4tigkeiten und Herausforderungen an beiden Arbeitspl\u00e4tzen.<\/p>\n\n\n\n<p>\u201eSchichtwechsel\u201c ist ein bundesweit durchgef\u00fchrter Aktionstag, an dem Menschen mit und ohne Beeintr\u00e4chtigung f\u00fcr einen Tag den Arbeitsplatz tauschen. Laut der Bundesarbeitsgemeinschaft f\u00fcr Menschen mit Behinderung e. V. nahmen 2025 so viele Menschen wie noch nie an dem Aktionstag teil: Insgesamt nutzten am Donnerstag 4800 Personen, davon 2700 Besch\u00e4ftigte aus Werkst\u00e4tten und 2100 Tauschpartner aus Unternehmen, die M\u00f6glichkeit, in einen anderen Arbeitsalltag einzutauchen.<\/p>\n\n\n\n<p>QUELLE: STADTVERWALTUNG<\/p>\n","protected":false},"excerpt":{"rendered":"<div class=\"mh-excerpt\"><p>Am Donnerstag, den 25. September 2025, hie\u00df es im Geraer Tierpark \u201eSchichtwechsel\u201c: Im Rahmen des bundesweiten Aktionstags tauschte ein Mitarbeiter des Tierparks f\u00fcr einen Tag den Arbeitsplatz mit einer Mitarbeiterin vom Biohof Aga, die dort <a class=\"mh-excerpt-more\" href=\"https:\/\/www.studiogera.de\/001\/2025\/09\/30\/tierparkk-und-biohof-aga-fuehren-schichtwechsel-durch\/\" title=\"TIERPARKK UND BIOHOF AGA F\u00dcHREN \u201eSCHICHTWECHSEL\u201c DURCH\">[&#8230;]<\/a><\/p>\n<\/div>","protected":false},"author":2,"featured_media":39301,"comment_status":"open","ping_status":"open","sticky":false,"template":"","format":"standard","meta":{"footnotes":""},"categories":[3],"tags":[],"class_list":{"0":"post-39300","1":"post","2":"type-post","3":"status-publish","4":"format-standard","5":"has-post-thumbnail","7":"category-lokal"},"_links":{"self":[{"href":"https:\/\/www.studiogera.de\/001\/wp-json\/wp\/v2\/posts\/39300","targetHints":{"allow":["GET"]}}],"collection":[{"href":"https:\/\/www.studiogera.de\/001\/wp-json\/wp\/v2\/posts"}],"about":[{"href":"https:\/\/www.studiogera.de\/001\/wp-json\/wp\/v2\/types\/post"}],"author":[{"embeddable":true,"href":"https:\/\/www.studiogera.de\/001\/wp-json\/wp\/v2\/users\/2"}],"replies":[{"embeddable":true,"href":"https:\/\/www.studiogera.de\/001\/wp-json\/wp\/v2\/comments?post=39300"}],"version-history":[{"count":1,"href":"https:\/\/www.studiogera.de\/001\/wp-json\/wp\/v2\/posts\/39300\/revisions"}],"predecessor-version":[{"id":39302,"href":"https:\/\/www.studiogera.de\/001\/wp-json\/wp\/v2\/posts\/39300\/revisions\/39302"}],"wp:featuredmedia":[{"embeddable":true,"href":"https:\/\/www.studiogera.de\/001\/wp-json\/wp\/v2\/media\/39301"}],"wp:attachment":[{"href":"https:\/\/www.studiogera.de\/001\/wp-json\/wp\/v2\/media?parent=39300"}],"wp:term":[{"taxonomy":"category","embeddable":true,"href":"https:\/\/www.studiogera.de\/001\/wp-json\/wp\/v2\/categories?post=39300"},{"taxonomy":"post_tag","embeddable":true,"href":"https:\/\/www.studiogera.de\/001\/wp-json\/wp\/v2\/tags?post=39300"}],"curies":[{"name":"wp","href":"https:\/\/api.w.org\/{rel}","templated":true}]}}