{"id":39303,"date":"2025-09-30T11:53:33","date_gmt":"2025-09-30T09:53:33","guid":{"rendered":"https:\/\/www.studiogera.de\/001\/?p=39303"},"modified":"2025-09-30T11:53:34","modified_gmt":"2025-09-30T09:53:34","slug":"fahrbahnsanierung-der-untermhaeuser-strasse-beginnt","status":"publish","type":"post","link":"https:\/\/www.studiogera.de\/001\/2025\/09\/30\/fahrbahnsanierung-der-untermhaeuser-strasse-beginnt\/","title":{"rendered":"FAHRBAHNSANIERUNG DER UNTERMH\u00c4USER STRASSE BEGINNT"},"content":{"rendered":"\n<p>Im Auftrag der Stadt Gera beginnen planm\u00e4\u00dfig am 13. Oktober 2025 die Arbeiten f\u00fcr die Sanierung der Fahrbahnoberfl\u00e4che in der Untermh\u00e4user Stra\u00dfe von Abzweig Schiefergasse bis Haus Nummer 69 (Hotel Zwergenschl\u00f6sschen). Die Bauarbeiten erfolgen dabei unter Vollsperrung f\u00fcr den Fahr- sowie Fu\u00dfg\u00e4ngerverkehr. Der Verkehr wird \u00fcber die Orte Milbitz, Thieschitz, Rubitz, T\u00f6ppeln, Frankenthal, Scheubengrobsdorf und Windischenbernsdorf in beide Fahrtrichtungen umgeleitet. Dem Fu\u00dfg\u00e4nger- und Radverkehr wird als Alternative zur Untermh\u00e4user Stra\u00dfe der Elsterradweg zwischen Milbitz und Untermhaus empfohlen. Nach  derzeitiger Planung soll die Bauma\u00dfnahme bis Ende November 2025 abgeschlossen sein.<\/p>\n\n\n\n<p>F\u00fcr den \u00f6ffentlichen Personennahverkehr ergeben sich ebenfalls \u00c4nderungen. Es werden tempor\u00e4r Wendestellen f\u00fcr die Buslinie 20 in der Ortslage Milbitz sowie auf der Untermh\u00e4user Stra\u00dfe, im Bereich Abzweig ehemaliges Milit\u00e4rkrankenhaus, eingerichtet. Die Sch\u00fcler aus Milbitz, Thieschitz und Rubitz werden \u00fcber die Stra\u00dfe \u201eDie Hohle\u201c in die Untermh\u00e4user Schulen gebracht.<\/p>\n\n\n\n<p>Ausgef\u00fchrt werden die Arbeiten durch die Firma Streicher Tief- und Ingenieurbau Jena GmbH &amp; Co. KG.<\/p>\n\n\n\n<p>QUELLE: STADTVERWALTUNG<\/p>\n","protected":false},"excerpt":{"rendered":"<div class=\"mh-excerpt\"><p>Im Auftrag der Stadt Gera beginnen planm\u00e4\u00dfig am 13. Oktober 2025 die Arbeiten f\u00fcr die Sanierung der Fahrbahnoberfl\u00e4che in der Untermh\u00e4user Stra\u00dfe von Abzweig Schiefergasse bis Haus Nummer 69 (Hotel Zwergenschl\u00f6sschen). Die Bauarbeiten erfolgen dabei <a class=\"mh-excerpt-more\" href=\"https:\/\/www.studiogera.de\/001\/2025\/09\/30\/fahrbahnsanierung-der-untermhaeuser-strasse-beginnt\/\" title=\"FAHRBAHNSANIERUNG DER UNTERMH\u00c4USER STRASSE BEGINNT\">[&#8230;]<\/a><\/p>\n<\/div>","protected":false},"author":2,"featured_media":39304,"comment_status":"open","ping_status":"open","sticky":false,"template":"","format":"standard","meta":{"footnotes":""},"categories":[3],"tags":[],"class_list":{"0":"post-39303","1":"post","2":"type-post","3":"status-publish","4":"format-standard","5":"has-post-thumbnail","7":"category-lokal"},"_links":{"self":[{"href":"https:\/\/www.studiogera.de\/001\/wp-json\/wp\/v2\/posts\/39303","targetHints":{"allow":["GET"]}}],"collection":[{"href":"https:\/\/www.studiogera.de\/001\/wp-json\/wp\/v2\/posts"}],"about":[{"href":"https:\/\/www.studiogera.de\/001\/wp-json\/wp\/v2\/types\/post"}],"author":[{"embeddable":true,"href":"https:\/\/www.studiogera.de\/001\/wp-json\/wp\/v2\/users\/2"}],"replies":[{"embeddable":true,"href":"https:\/\/www.studiogera.de\/001\/wp-json\/wp\/v2\/comments?post=39303"}],"version-history":[{"count":1,"href":"https:\/\/www.studiogera.de\/001\/wp-json\/wp\/v2\/posts\/39303\/revisions"}],"predecessor-version":[{"id":39305,"href":"https:\/\/www.studiogera.de\/001\/wp-json\/wp\/v2\/posts\/39303\/revisions\/39305"}],"wp:featuredmedia":[{"embeddable":true,"href":"https:\/\/www.studiogera.de\/001\/wp-json\/wp\/v2\/media\/39304"}],"wp:attachment":[{"href":"https:\/\/www.studiogera.de\/001\/wp-json\/wp\/v2\/media?parent=39303"}],"wp:term":[{"taxonomy":"category","embeddable":true,"href":"https:\/\/www.studiogera.de\/001\/wp-json\/wp\/v2\/categories?post=39303"},{"taxonomy":"post_tag","embeddable":true,"href":"https:\/\/www.studiogera.de\/001\/wp-json\/wp\/v2\/tags?post=39303"}],"curies":[{"name":"wp","href":"https:\/\/api.w.org\/{rel}","templated":true}]}}