{"id":39309,"date":"2025-10-01T11:51:29","date_gmt":"2025-10-01T09:51:29","guid":{"rendered":"https:\/\/www.studiogera.de\/001\/?p=39309"},"modified":"2025-10-01T11:51:31","modified_gmt":"2025-10-01T09:51:31","slug":"abschaffung-des-pflgegrades-1-im-gespraech","status":"publish","type":"post","link":"https:\/\/www.studiogera.de\/001\/2025\/10\/01\/abschaffung-des-pflgegrades-1-im-gespraech\/","title":{"rendered":"ABSCHAFFUNG DES PFLGEGRADES 1 IM GESPR\u00c4CH"},"content":{"rendered":"\n<p>Der gesetzlichen Pflegeversicherung fehlen ab 2026 voraussichtlich zwei Milliarden Euro. Wegen des zu erwartenden Defizites erw\u00e4gt die Bundesregierung, den Pflegegrad 1 im Rahmen der anstehenden Pflegereform vollst\u00e4ndig abzuschaffen. Dadurch k\u00f6nnten j\u00e4hrlich etwa 1,8 Milliarden Euro eingespart werden. Betroffen w\u00e4ren rund 860&#8217;000 Menschen mit geringen Beeintr\u00e4chtigungen.<\/p>\n\n\n\n<p>Die Diskussion um die Streichung des im Jahre 2017 eingef\u00fchrten Pflegegrades 1 wurde insbesondere durch Berichte der \u201eBild am Sonntag\u201c und \u00f6ffentlichen Stellungnahmen von Vertretern aus Union und SPD angesto\u00dfen. Die Zeitung hatte \u00c4u\u00dferungen f\u00fchrender Politiker von Union und SPD thematisiert. Die Debatte besteht jedoch bereits l\u00e4nger und wurde in den letzten Wochen durch \u00c4u\u00dferungen von Politikern verschiedener Parteien, Sozialverb\u00e4nden und Experten intensiviert. Bundesgesundheitsministerin Nina Warken, CDU, sprach offen \u00fcber eine m\u00f6gliche Abschaffung des Pflegegrades 1, um das Pflegesystem generationengerecht und finanziell stabil zu gestalten. Das Bundesgesundheitsministerium und die Bund-L\u00e4nder-Kommission zur Pflegereform spielen eine zentrale Rolle bei der Bewertung. Die Bundesregierung verwies auf eine laufende Kommission zur Pflegereform, die bis Mitte Oktober 2025 einen Bericht vorlegen soll. Die Kommission wurde mit einer umfassenden Analyse der Pflegeversicherung beauftragt.<\/p>\n\n\n\n<p>Die \u00dcberlegungen sto\u00dfen auf teils massive Kritik. Sozialverb\u00e4nde und die Opposition warnen davor, dass die Abschaffung des Pflegegrades 1 zahlreiche pflegebed\u00fcrftige Menschen und deren Angeh\u00f6rige hart treffen w\u00fcrde. AFD und Gr\u00fcne sprechen sich dagegen aus. Die AFD als gr\u00f6\u00dfte Oppositionspartei fordert, bei der Suche nach finanziellen Mitteln nichtstaatliche Organisationen, F\u00f6rderprojekte sowie die Migration ins Sozialsystem in den Blick zu nehmen. Auch innerhalb der SPD gibt es Widerstand. Offiziell weist die Partei Berichte \u00fcber konkrete Abschaffungspl\u00e4ne zur\u00fcck und spricht sich klar gegen Leistungsk\u00fcrzungen im Pflegebereich aus. Aus Unternehmerverb\u00e4nden und Teilen der CDU werden hingegen Reformen und eine Konzentration der Pflegeversicherung auf st\u00e4rkere Beeintr\u00e4chtigungen gefordert.<\/p>\n","protected":false},"excerpt":{"rendered":"<div class=\"mh-excerpt\"><p>Der gesetzlichen Pflegeversicherung fehlen ab 2026 voraussichtlich zwei Milliarden Euro. Wegen des zu erwartenden Defizites erw\u00e4gt die Bundesregierung, den Pflegegrad 1 im Rahmen der anstehenden Pflegereform vollst\u00e4ndig abzuschaffen. Dadurch k\u00f6nnten j\u00e4hrlich etwa 1,8 Milliarden Euro <a class=\"mh-excerpt-more\" href=\"https:\/\/www.studiogera.de\/001\/2025\/10\/01\/abschaffung-des-pflgegrades-1-im-gespraech\/\" title=\"ABSCHAFFUNG DES PFLGEGRADES 1 IM GESPR\u00c4CH\">[&#8230;]<\/a><\/p>\n<\/div>","protected":false},"author":2,"featured_media":39310,"comment_status":"open","ping_status":"open","sticky":false,"template":"","format":"standard","meta":{"footnotes":""},"categories":[2],"tags":[],"class_list":{"0":"post-39309","1":"post","2":"type-post","3":"status-publish","4":"format-standard","5":"has-post-thumbnail","7":"category-weltweit"},"_links":{"self":[{"href":"https:\/\/www.studiogera.de\/001\/wp-json\/wp\/v2\/posts\/39309","targetHints":{"allow":["GET"]}}],"collection":[{"href":"https:\/\/www.studiogera.de\/001\/wp-json\/wp\/v2\/posts"}],"about":[{"href":"https:\/\/www.studiogera.de\/001\/wp-json\/wp\/v2\/types\/post"}],"author":[{"embeddable":true,"href":"https:\/\/www.studiogera.de\/001\/wp-json\/wp\/v2\/users\/2"}],"replies":[{"embeddable":true,"href":"https:\/\/www.studiogera.de\/001\/wp-json\/wp\/v2\/comments?post=39309"}],"version-history":[{"count":1,"href":"https:\/\/www.studiogera.de\/001\/wp-json\/wp\/v2\/posts\/39309\/revisions"}],"predecessor-version":[{"id":39311,"href":"https:\/\/www.studiogera.de\/001\/wp-json\/wp\/v2\/posts\/39309\/revisions\/39311"}],"wp:featuredmedia":[{"embeddable":true,"href":"https:\/\/www.studiogera.de\/001\/wp-json\/wp\/v2\/media\/39310"}],"wp:attachment":[{"href":"https:\/\/www.studiogera.de\/001\/wp-json\/wp\/v2\/media?parent=39309"}],"wp:term":[{"taxonomy":"category","embeddable":true,"href":"https:\/\/www.studiogera.de\/001\/wp-json\/wp\/v2\/categories?post=39309"},{"taxonomy":"post_tag","embeddable":true,"href":"https:\/\/www.studiogera.de\/001\/wp-json\/wp\/v2\/tags?post=39309"}],"curies":[{"name":"wp","href":"https:\/\/api.w.org\/{rel}","templated":true}]}}