{"id":3931,"date":"2018-05-25T11:08:10","date_gmt":"2018-05-25T09:08:10","guid":{"rendered":"http:\/\/www.studiogera.de\/001\/?p=3931"},"modified":"2018-05-25T11:08:10","modified_gmt":"2018-05-25T09:08:10","slug":"weisse-elster-mit-erhoehtem-pegelstand","status":"publish","type":"post","link":"https:\/\/www.studiogera.de\/001\/2018\/05\/25\/weisse-elster-mit-erhoehtem-pegelstand\/","title":{"rendered":"WEISSE ELSTER MIT ERH\u00d6HTEM PEGELSTAND"},"content":{"rendered":"<p>Aufgrund gr\u00f6\u00dferer Zuflussmengen infolge des Wetters im Vogtland am 24. Mai 2018, ist der Pegel der Wei\u00dfen Elster im Stadtgebiet erh\u00f6ht. Als Vorsichtsma\u00dfnahme hat der Fachdienst Brand- und Katastrophenschutz einen sogenannten Rumpfstab eingerichtet, welcher die Lage permanent beobachtet. Die Stadtverwaltung wird auf diesem Wege \u00fcber ver\u00e4nderte Situationen informieren. Nach bisherigen Erkenntnissen erreicht der Pegel der Wei\u00dfen Elster im Raum Gera gegen Mittag seinen H\u00f6chststand. Mit einer Gef\u00e4hrdung im Stadtgebiet ist bislang nicht zu rechnen.<\/p>\n","protected":false},"excerpt":{"rendered":"<div class=\"mh-excerpt\"><p>Aufgrund gr\u00f6\u00dferer Zuflussmengen infolge des Wetters im Vogtland am 24. Mai 2018, ist der Pegel der Wei\u00dfen Elster im Stadtgebiet erh\u00f6ht. Als Vorsichtsma\u00dfnahme hat der Fachdienst Brand- und Katastrophenschutz einen sogenannten Rumpfstab eingerichtet, welcher die <a class=\"mh-excerpt-more\" href=\"https:\/\/www.studiogera.de\/001\/2018\/05\/25\/weisse-elster-mit-erhoehtem-pegelstand\/\" title=\"WEISSE ELSTER MIT ERH\u00d6HTEM PEGELSTAND\">[&#8230;]<\/a><\/p>\n<\/div>","protected":false},"author":2,"featured_media":1630,"comment_status":"open","ping_status":"open","sticky":false,"template":"","format":"standard","meta":{"footnotes":""},"categories":[16],"tags":[],"class_list":{"0":"post-3931","1":"post","2":"type-post","3":"status-publish","4":"format-standard","5":"has-post-thumbnail","7":"category-kurzmitteilungen"},"_links":{"self":[{"href":"https:\/\/www.studiogera.de\/001\/wp-json\/wp\/v2\/posts\/3931","targetHints":{"allow":["GET"]}}],"collection":[{"href":"https:\/\/www.studiogera.de\/001\/wp-json\/wp\/v2\/posts"}],"about":[{"href":"https:\/\/www.studiogera.de\/001\/wp-json\/wp\/v2\/types\/post"}],"author":[{"embeddable":true,"href":"https:\/\/www.studiogera.de\/001\/wp-json\/wp\/v2\/users\/2"}],"replies":[{"embeddable":true,"href":"https:\/\/www.studiogera.de\/001\/wp-json\/wp\/v2\/comments?post=3931"}],"version-history":[{"count":1,"href":"https:\/\/www.studiogera.de\/001\/wp-json\/wp\/v2\/posts\/3931\/revisions"}],"predecessor-version":[{"id":3932,"href":"https:\/\/www.studiogera.de\/001\/wp-json\/wp\/v2\/posts\/3931\/revisions\/3932"}],"wp:featuredmedia":[{"embeddable":true,"href":"https:\/\/www.studiogera.de\/001\/wp-json\/wp\/v2\/media\/1630"}],"wp:attachment":[{"href":"https:\/\/www.studiogera.de\/001\/wp-json\/wp\/v2\/media?parent=3931"}],"wp:term":[{"taxonomy":"category","embeddable":true,"href":"https:\/\/www.studiogera.de\/001\/wp-json\/wp\/v2\/categories?post=3931"},{"taxonomy":"post_tag","embeddable":true,"href":"https:\/\/www.studiogera.de\/001\/wp-json\/wp\/v2\/tags?post=3931"}],"curies":[{"name":"wp","href":"https:\/\/api.w.org\/{rel}","templated":true}]}}