{"id":39312,"date":"2025-10-01T12:05:26","date_gmt":"2025-10-01T10:05:26","guid":{"rendered":"https:\/\/www.studiogera.de\/001\/?p=39312"},"modified":"2025-10-01T12:05:26","modified_gmt":"2025-10-01T10:05:26","slug":"gera-will-stillfreundliche-kommune-werden","status":"publish","type":"post","link":"https:\/\/www.studiogera.de\/001\/2025\/10\/01\/gera-will-stillfreundliche-kommune-werden\/","title":{"rendered":"GERA WILL \u201eSTILLFREUNDLICHE KOMMUNE\u201c WERDEN"},"content":{"rendered":"\n<p>Die Weltstillwoche ist eine von der \u201eWorld Alliance for Breastfeeding Action\u201c (WABA) initiierte Aktionswoche und wird seit 1991 j\u00e4hrlich in \u00fcber 120 L\u00e4ndern abgehalten. In Deutschland findet sie immer in der 40. Kalenderwoche statt \u2013 40 deshalb, weil eine normale Schwangerschaft etwa 40 Wochen dauert. Diese endet am 5. Oktober 2025.<\/p>\n\n\n\n<p>Die Stadt Gera organisiert anl\u00e4sslich der Weltstillwoche, die dieses Jahr unter dem Motto \u201eDu entscheidest. Nicht die Werbung.\u201c stattfindet, eine Eltern-Befragung zur Stillf\u00f6rderung.<\/p>\n\n\n\n<p><a href=\"https:\/\/umfrage.gera.de\/index.php\/648731?lang=de\">https:\/\/umfrage.gera.de\/index.php\/648731?lang=de<\/a><\/p>\n\n\n\n<p>Hintergrund hierf\u00fcr ist, dass die Stadt Gera an der Zertifizierung \u201eStillfreundliche Kommune\u201c arbeitet. Hierf\u00fcr ist die Mithilfe von M\u00fcttern und Familien gefragt: Ihre jetzigen oder vergangenen Erfahrungen und Einsch\u00e4tzungen helfen, bestehende Angebote besser auf die Bed\u00fcrfnisse von Familien abzustimmen, Barrieren abzubauen und die Gesundheit von S\u00e4uglingen sowie M\u00fcttern nachhaltig zu unterst\u00fctzen. Ziel der Umfrage ist es, Stillorte, Beratung und Unterst\u00fctzung in Gera besser zu gestalten.\u00a0Die Befragung endet am 31. Oktober 2025.<\/p>\n\n\n\n<p>QUELLE: STADTVERWALTUNG<\/p>\n","protected":false},"excerpt":{"rendered":"<div class=\"mh-excerpt\"><p>Die Weltstillwoche ist eine von der \u201eWorld Alliance for Breastfeeding Action\u201c (WABA) initiierte Aktionswoche und wird seit 1991 j\u00e4hrlich in \u00fcber 120 L\u00e4ndern abgehalten. In Deutschland findet sie immer in der 40. Kalenderwoche statt \u2013 <a class=\"mh-excerpt-more\" href=\"https:\/\/www.studiogera.de\/001\/2025\/10\/01\/gera-will-stillfreundliche-kommune-werden\/\" title=\"GERA WILL \u201eSTILLFREUNDLICHE KOMMUNE\u201c WERDEN\">[&#8230;]<\/a><\/p>\n<\/div>","protected":false},"author":2,"featured_media":21141,"comment_status":"open","ping_status":"open","sticky":false,"template":"","format":"standard","meta":{"footnotes":""},"categories":[3],"tags":[],"class_list":{"0":"post-39312","1":"post","2":"type-post","3":"status-publish","4":"format-standard","5":"has-post-thumbnail","7":"category-lokal"},"_links":{"self":[{"href":"https:\/\/www.studiogera.de\/001\/wp-json\/wp\/v2\/posts\/39312","targetHints":{"allow":["GET"]}}],"collection":[{"href":"https:\/\/www.studiogera.de\/001\/wp-json\/wp\/v2\/posts"}],"about":[{"href":"https:\/\/www.studiogera.de\/001\/wp-json\/wp\/v2\/types\/post"}],"author":[{"embeddable":true,"href":"https:\/\/www.studiogera.de\/001\/wp-json\/wp\/v2\/users\/2"}],"replies":[{"embeddable":true,"href":"https:\/\/www.studiogera.de\/001\/wp-json\/wp\/v2\/comments?post=39312"}],"version-history":[{"count":1,"href":"https:\/\/www.studiogera.de\/001\/wp-json\/wp\/v2\/posts\/39312\/revisions"}],"predecessor-version":[{"id":39313,"href":"https:\/\/www.studiogera.de\/001\/wp-json\/wp\/v2\/posts\/39312\/revisions\/39313"}],"wp:featuredmedia":[{"embeddable":true,"href":"https:\/\/www.studiogera.de\/001\/wp-json\/wp\/v2\/media\/21141"}],"wp:attachment":[{"href":"https:\/\/www.studiogera.de\/001\/wp-json\/wp\/v2\/media?parent=39312"}],"wp:term":[{"taxonomy":"category","embeddable":true,"href":"https:\/\/www.studiogera.de\/001\/wp-json\/wp\/v2\/categories?post=39312"},{"taxonomy":"post_tag","embeddable":true,"href":"https:\/\/www.studiogera.de\/001\/wp-json\/wp\/v2\/tags?post=39312"}],"curies":[{"name":"wp","href":"https:\/\/api.w.org\/{rel}","templated":true}]}}