{"id":39318,"date":"2025-10-01T15:07:26","date_gmt":"2025-10-01T13:07:26","guid":{"rendered":"https:\/\/www.studiogera.de\/001\/?p=39318"},"modified":"2025-10-01T15:08:01","modified_gmt":"2025-10-01T13:08:01","slug":"neuvergabe-der-jagdpachten","status":"publish","type":"post","link":"https:\/\/www.studiogera.de\/001\/2025\/10\/01\/neuvergabe-der-jagdpachten\/","title":{"rendered":"NEUVERGABE DER JAGDPACHTEN"},"content":{"rendered":"\n<p>Nach intensiver Pr\u00fcfung der M\u00f6glichkeit zur Einf\u00fchrung der sogenannten Regiejagd hat das Amt f\u00fcr Stadtgr\u00fcn entschieden, von einer weiteren Verfolgung dieses Vorhabens abzusehen. Die im Zuge des Prozesses eingeholten Informationen und die detaillierte Analyse haben gezeigt, dass die Umsetzung zum jetzigen Zeitpunkt realistisch nicht m\u00f6glich w\u00e4re. Da das neue Jagdjahr bereits am 1. April 2026 beginnt, wird das Amt f\u00fcr Stadtgr\u00fcn daher nun die Neuvergabe der Jagdpachten aktiv vorantreiben, um Planungssicherheit f\u00fcr alle Beteiligten zu schaffen.<\/p>\n\n\n\n<p>Ziel wird es zudem sein, die Aus\u00fcbung der Jagd st\u00e4rker mit waldbaulichen Zielen zu verzahnen. &nbsp;Vor dem Hintergrund des guten Miteinanders der letzten Jahre ist das Amt f\u00fcr Stadtgr\u00fcn zuversichtlich, dass eine k\u00fcnftig noch zielgerichtetere Ausrichtung der Jagdaus\u00fcbung an waldbaulichen Erfordernissen m\u00f6glich ist. Um dies zu unterst\u00fctzen, wird es k\u00fcnftig regelm\u00e4\u00dfigere Austausche zwischen dem Stadtforst und den Jagdp\u00e4chtern geben.<\/p>\n\n\n\n<p>QUELLE: STADTVERWALTUNG<\/p>\n","protected":false},"excerpt":{"rendered":"<div class=\"mh-excerpt\"><p>Nach intensiver Pr\u00fcfung der M\u00f6glichkeit zur Einf\u00fchrung der sogenannten Regiejagd hat das Amt f\u00fcr Stadtgr\u00fcn entschieden, von einer weiteren Verfolgung dieses Vorhabens abzusehen. Die im Zuge des Prozesses eingeholten Informationen und die detaillierte Analyse haben <a class=\"mh-excerpt-more\" href=\"https:\/\/www.studiogera.de\/001\/2025\/10\/01\/neuvergabe-der-jagdpachten\/\" title=\"NEUVERGABE DER JAGDPACHTEN\">[&#8230;]<\/a><\/p>\n<\/div>","protected":false},"author":2,"featured_media":39319,"comment_status":"open","ping_status":"open","sticky":false,"template":"","format":"standard","meta":{"footnotes":""},"categories":[3],"tags":[],"class_list":{"0":"post-39318","1":"post","2":"type-post","3":"status-publish","4":"format-standard","5":"has-post-thumbnail","7":"category-lokal"},"_links":{"self":[{"href":"https:\/\/www.studiogera.de\/001\/wp-json\/wp\/v2\/posts\/39318","targetHints":{"allow":["GET"]}}],"collection":[{"href":"https:\/\/www.studiogera.de\/001\/wp-json\/wp\/v2\/posts"}],"about":[{"href":"https:\/\/www.studiogera.de\/001\/wp-json\/wp\/v2\/types\/post"}],"author":[{"embeddable":true,"href":"https:\/\/www.studiogera.de\/001\/wp-json\/wp\/v2\/users\/2"}],"replies":[{"embeddable":true,"href":"https:\/\/www.studiogera.de\/001\/wp-json\/wp\/v2\/comments?post=39318"}],"version-history":[{"count":1,"href":"https:\/\/www.studiogera.de\/001\/wp-json\/wp\/v2\/posts\/39318\/revisions"}],"predecessor-version":[{"id":39320,"href":"https:\/\/www.studiogera.de\/001\/wp-json\/wp\/v2\/posts\/39318\/revisions\/39320"}],"wp:featuredmedia":[{"embeddable":true,"href":"https:\/\/www.studiogera.de\/001\/wp-json\/wp\/v2\/media\/39319"}],"wp:attachment":[{"href":"https:\/\/www.studiogera.de\/001\/wp-json\/wp\/v2\/media?parent=39318"}],"wp:term":[{"taxonomy":"category","embeddable":true,"href":"https:\/\/www.studiogera.de\/001\/wp-json\/wp\/v2\/categories?post=39318"},{"taxonomy":"post_tag","embeddable":true,"href":"https:\/\/www.studiogera.de\/001\/wp-json\/wp\/v2\/tags?post=39318"}],"curies":[{"name":"wp","href":"https:\/\/api.w.org\/{rel}","templated":true}]}}