{"id":39327,"date":"2025-10-01T22:29:37","date_gmt":"2025-10-01T20:29:37","guid":{"rendered":"https:\/\/www.studiogera.de\/001\/?p=39327"},"modified":"2025-10-01T23:01:18","modified_gmt":"2025-10-01T21:01:18","slug":"der-spannungsfall-und-seine-bedeutung","status":"publish","type":"post","link":"https:\/\/www.studiogera.de\/001\/2025\/10\/01\/der-spannungsfall-und-seine-bedeutung\/","title":{"rendered":"DER \u201eSPANNUNGSFALL\u201c UND SEINE BEDEUTUNG"},"content":{"rendered":"\n<p>Drohnen unbekannter Herkunft beunruhigen derzeit die Staaten in Europa. Das d\u00e4nische Verteidigungsministerium beruft derzeit mehrere hunderte Reservisten ein. \u201eDer Krieg in der Ukraine ist auch unser Krieg\u201c, meinte der polnische Ministerpr\u00e4sident Donald Tusk. Bundeskanzler Friedrich Merz sagte nach den j\u00fcngsten Vorf\u00e4llen, man sei nicht im Krieg, aber auch nicht mehr im Frieden. Der CDU-Bundestagsabgeordnete Roderich Kiesewetter forderte Ende September 2025 die Ausrufung des Spannungsfalles nach Artikel 80a des Grundgesetzes. Dieser ist eine Vorstufe des Verteidigungsfalles und bedarf im Parlament einer Zustimmungsmehrheit von zwei Dritteln der abgegebenen Stimmen. Bundesau\u00dfenminister Johann Wadephul sprach sich laut den Funke-Zeitungen daf\u00fcr aus, in Deutschland umgehend die Wehrpflicht wieder einzuf\u00fchren. Bundesinnenminister Dobrinth sagte gegen\u00fcber der Rheinischen Post, die Bundeswehr solle der Polizei wegen der Drohnen Amtshilfe leisten.<\/p>\n\n\n\n<p>Der Schriftsteller, Journalist und Blogger Alexander Wallasch h\u00e4lt Formulierungen, die eine Situation zwischen Krieg und Frieden zeichnen, f\u00fcr den gezielten Versuch, rote Linien zu \u00fcberschreiten. Er verweist darauf, dass sich in Kriegszeiten der Einsatz von Polizei und Milit\u00e4r grundlegend \u00e4ndert. Dobrindt und Pistorius wirken seiner Meinung nach auf Notstandsgesetze hin.<\/p>\n\n\n\n<p>Der ausgerufene Spannungsfall h\u00e4tte bereits enorme Auswirkungen auf die B\u00fcrger. Wehrpflichtige M\u00e4nner k\u00f6nnen zu Musterungen einberufen, Frauen zu zivilen Diensten herangezogen werden. Ebenso k\u00f6nnen Zivilisten zu Hilfsdiensten verpflichtet werden. Das K\u00fcndigungsrecht w\u00e4re eingeschr\u00e4nkt. Im Spannungsfall kann der Staat auch Preise f\u00fcr Lebensmittel festlegen, Bezugsscheine einf\u00fchren, das Versammlungsrecht einschr\u00e4nken, Wohnungen beschlagnahmen oder als Notunterk\u00fcnfte umwidmen, und von erweiterten Durchsuchungsbefugnissen Gebrauch machen.<\/p>\n\n\n\n<p>Die geopolitische Dynamik deutet derzeit nicht auf eine Entspannung hin. W\u00e4hrend im \u00f6stlichen Teil der Welt neue expansive Kr\u00e4fte entstehen, kann der Westen seinen Einfluss nur noch mit Abwehrma\u00dfnahmen aufrechterhalten. Europa befindet sich im Spannungsfeld zweier Machtzentren, die um ihren Fortbestand k\u00e4mpfen. Zudem setzt sich im Inneren vieler westlicher Staaten die gesellschaftliche Fragmentierung fort. Mit der sich verschlechternden Lebenslage gewinnen unterschiedlichen Systemvorstellungen an Bedeutung. Es drohen Unruhen, die ebenfalls die Exekutive beanspruchen. Damit steigt die Wahrscheinlichkeit f\u00fcr ein initiales Ereignis, dem Notstandsgesetze folgen. Mit zunehmender Aufr\u00fcstung und dem Ziel eines Sieges wird das Risiko f\u00fcr eine gr\u00f6\u00dfere milit\u00e4rische Auseinandersetzung wahrscheinlicher.<\/p>\n","protected":false},"excerpt":{"rendered":"<div class=\"mh-excerpt\"><p>Drohnen unbekannter Herkunft beunruhigen derzeit die Staaten in Europa. Das d\u00e4nische Verteidigungsministerium beruft derzeit mehrere hunderte Reservisten ein. \u201eDer Krieg in der Ukraine ist auch unser Krieg\u201c, meinte der polnische Ministerpr\u00e4sident Donald Tusk. Bundeskanzler Friedrich <a class=\"mh-excerpt-more\" href=\"https:\/\/www.studiogera.de\/001\/2025\/10\/01\/der-spannungsfall-und-seine-bedeutung\/\" title=\"DER \u201eSPANNUNGSFALL\u201c UND SEINE BEDEUTUNG\">[&#8230;]<\/a><\/p>\n<\/div>","protected":false},"author":2,"featured_media":39330,"comment_status":"open","ping_status":"open","sticky":false,"template":"","format":"standard","meta":{"footnotes":""},"categories":[2],"tags":[],"class_list":{"0":"post-39327","1":"post","2":"type-post","3":"status-publish","4":"format-standard","5":"has-post-thumbnail","7":"category-weltweit"},"_links":{"self":[{"href":"https:\/\/www.studiogera.de\/001\/wp-json\/wp\/v2\/posts\/39327","targetHints":{"allow":["GET"]}}],"collection":[{"href":"https:\/\/www.studiogera.de\/001\/wp-json\/wp\/v2\/posts"}],"about":[{"href":"https:\/\/www.studiogera.de\/001\/wp-json\/wp\/v2\/types\/post"}],"author":[{"embeddable":true,"href":"https:\/\/www.studiogera.de\/001\/wp-json\/wp\/v2\/users\/2"}],"replies":[{"embeddable":true,"href":"https:\/\/www.studiogera.de\/001\/wp-json\/wp\/v2\/comments?post=39327"}],"version-history":[{"count":4,"href":"https:\/\/www.studiogera.de\/001\/wp-json\/wp\/v2\/posts\/39327\/revisions"}],"predecessor-version":[{"id":39333,"href":"https:\/\/www.studiogera.de\/001\/wp-json\/wp\/v2\/posts\/39327\/revisions\/39333"}],"wp:featuredmedia":[{"embeddable":true,"href":"https:\/\/www.studiogera.de\/001\/wp-json\/wp\/v2\/media\/39330"}],"wp:attachment":[{"href":"https:\/\/www.studiogera.de\/001\/wp-json\/wp\/v2\/media?parent=39327"}],"wp:term":[{"taxonomy":"category","embeddable":true,"href":"https:\/\/www.studiogera.de\/001\/wp-json\/wp\/v2\/categories?post=39327"},{"taxonomy":"post_tag","embeddable":true,"href":"https:\/\/www.studiogera.de\/001\/wp-json\/wp\/v2\/tags?post=39327"}],"curies":[{"name":"wp","href":"https:\/\/api.w.org\/{rel}","templated":true}]}}