{"id":39334,"date":"2025-10-01T23:32:55","date_gmt":"2025-10-01T21:32:55","guid":{"rendered":"https:\/\/www.studiogera.de\/001\/?p=39334"},"modified":"2025-10-01T23:32:57","modified_gmt":"2025-10-01T21:32:57","slug":"smartcity-studio-in-den-gera-arcaden","status":"publish","type":"post","link":"https:\/\/www.studiogera.de\/001\/2025\/10\/01\/smartcity-studio-in-den-gera-arcaden\/","title":{"rendered":"SMARTCITY-STUDIO IN DEN GERA-ARCADEN"},"content":{"rendered":"\n<p>Smartcity zum Anfassen und selbst erleben \u2014 das wird bereits in wenigen Wochen m\u00f6glich, denn die Projektgruppe er\u00f6ffnet am 20. Oktober 2025 ein Smartcity-Studio in den Gera-Arcaden. Projektleiterin Petra Ra\u00dfmann erkl\u00e4rt:<\/p>\n\n\n\n<blockquote class=\"wp-block-quote is-layout-flow wp-block-quote-is-layout-flow\">\n<p>\u201eMit dem Smartcity-Studio schaffen wir einen Ort, an dem Menschen ganz praktisch erleben k\u00f6nnen, was Digitalisierung im Alltag bedeutet. Ob beim Ausprobieren neuer Technologien, beim Mitmachen in Workshops oder beim eigenen Podcast \u2014 unser Ziel ist es, Ber\u00fchrungs\u00e4ngste abzubauen und Lust auf die Stadt von morgen zu machen.\u201c<\/p>\n<\/blockquote>\n\n\n\n<p>Gerade bei den Workshops gebe es f\u00fcr interessierte B\u00fcrger viele M\u00f6glichkeiten, selbst aktiv zu werden. Derzeit sind untere anderem Veranstaltungen zum Thema 3-D-Drucker, VR-Brillen oder auch digitale Resilienz geplant. Damit wird Smartcity seinem Auftrag gerecht, B\u00fcrger aktiv in die Gestaltung der digitalen Stadt einzubinden.<\/p>\n\n\n\n<p>Auf der rund 400 Quadratmeter gro\u00dfen Fl\u00e4che, die sich in der ersten Etage nahe der Rolltreppen befindet, werden unter anderem ein Workshop-Bereich, eine Lounge, ein kleiner Co-Working-Space oder auch zwei Akustik-Kabinen bis zum Ende des Smartcity-Projekts zu finden sein. Letztere k\u00f6nnen sowohl von einzelnen Personen oder auch kleine Gruppen genutzt werden, um unter professionellen Bedingungen verschiedene Akustikformate wie Podcasts aufzunehmen.<\/p>\n\n\n\n<p><strong>Pop-Up-Store sucht Nutzer<\/strong><br>Eine Besonderheit wird der integrierte Pop-Up-Store sein, der sich im Eingangsbereich des Studios befinden wird. Dieser kann von interessierten Jungunternehmern, Start-Ups, Neugr\u00fcndern oder auch lokalen Unternehmen genutzt werden, um eigene Ideen und Projekte zeitlich begrenzt anzubieten. Ra\u00dfmann f\u00e4hrt fort:<\/p>\n\n\n\n<blockquote class=\"wp-block-quote is-layout-flow wp-block-quote-is-layout-flow\">\n<p>\u201eNach den positiven Erfahrungen mit der Pop-Up-H\u00fctte zum Weihnachtsmarkt haben wir eine M\u00f6glichkeit gesucht, dieses Konzept weiterzutragen. Als Teil unseres Studios m\u00f6chten wir diesen Ansatz nun ganzj\u00e4hrig integrieren, um die Kreativit\u00e4t und das Unternehmertum in der Region nachhaltig zu f\u00f6rdern.\u201c<\/p>\n<\/blockquote>\n\n\n\n<p>Interessierte B\u00fcrger, die die Fl\u00e4che gern nutzen m\u00f6chten, k\u00f6nnen sich \u00fcber \u201esmartcity@gera.de\u201c oder telefonisch unter der Rufnummer +493658384406 melden, um sich \u00fcber konkrete M\u00f6glichkeiten zu erkundigen. Die Mietdauer betr\u00e4gt vier bis zw\u00f6lf Wochen; Kosten fallen keine an.<\/p>\n\n\n\n<blockquote class=\"wp-block-quote is-layout-flow wp-block-quote-is-layout-flow\">\n<p><strong>Ein Ort zum Austauschen und Netzwerken<\/strong><br>Das Smartcity-Studio soll aber nicht nur w\u00e4hrend einzelner Veranstaltungen genutzt werden, sondern auch t\u00e4glich zum Austausch. So werden alle Mitarbeitenden des Projektteams k\u00fcnftig in den Gera-Arcaden anzutreffen sein und f\u00fcr Fragen rund um das Projekt zur Verf\u00fcgung stehen. Weiterhin k\u00f6nnen die zur Verf\u00fcgung stehenden R\u00e4ume auch von Vereinen f\u00fcr Veranstaltungen oder Treffen genutzt werden. Auch hier werden Interessierte gebeten, sich direkt an die Projektgruppe zu wenden, wenn sie das Studio gern nutzen wollen.<\/p>\n<\/blockquote>\n\n\n\n<p>QUELLE: STADTVERWALTUNG<\/p>\n","protected":false},"excerpt":{"rendered":"<div class=\"mh-excerpt\"><p>Smartcity zum Anfassen und selbst erleben \u2014 das wird bereits in wenigen Wochen m\u00f6glich, denn die Projektgruppe er\u00f6ffnet am 20. Oktober 2025 ein Smartcity-Studio in den Gera-Arcaden. Projektleiterin Petra Ra\u00dfmann erkl\u00e4rt: \u201eMit dem Smartcity-Studio schaffen <a class=\"mh-excerpt-more\" href=\"https:\/\/www.studiogera.de\/001\/2025\/10\/01\/smartcity-studio-in-den-gera-arcaden\/\" title=\"SMARTCITY-STUDIO IN DEN GERA-ARCADEN\">[&#8230;]<\/a><\/p>\n<\/div>","protected":false},"author":2,"featured_media":39335,"comment_status":"open","ping_status":"open","sticky":false,"template":"","format":"standard","meta":{"footnotes":""},"categories":[3],"tags":[],"class_list":{"0":"post-39334","1":"post","2":"type-post","3":"status-publish","4":"format-standard","5":"has-post-thumbnail","7":"category-lokal"},"_links":{"self":[{"href":"https:\/\/www.studiogera.de\/001\/wp-json\/wp\/v2\/posts\/39334","targetHints":{"allow":["GET"]}}],"collection":[{"href":"https:\/\/www.studiogera.de\/001\/wp-json\/wp\/v2\/posts"}],"about":[{"href":"https:\/\/www.studiogera.de\/001\/wp-json\/wp\/v2\/types\/post"}],"author":[{"embeddable":true,"href":"https:\/\/www.studiogera.de\/001\/wp-json\/wp\/v2\/users\/2"}],"replies":[{"embeddable":true,"href":"https:\/\/www.studiogera.de\/001\/wp-json\/wp\/v2\/comments?post=39334"}],"version-history":[{"count":1,"href":"https:\/\/www.studiogera.de\/001\/wp-json\/wp\/v2\/posts\/39334\/revisions"}],"predecessor-version":[{"id":39336,"href":"https:\/\/www.studiogera.de\/001\/wp-json\/wp\/v2\/posts\/39334\/revisions\/39336"}],"wp:featuredmedia":[{"embeddable":true,"href":"https:\/\/www.studiogera.de\/001\/wp-json\/wp\/v2\/media\/39335"}],"wp:attachment":[{"href":"https:\/\/www.studiogera.de\/001\/wp-json\/wp\/v2\/media?parent=39334"}],"wp:term":[{"taxonomy":"category","embeddable":true,"href":"https:\/\/www.studiogera.de\/001\/wp-json\/wp\/v2\/categories?post=39334"},{"taxonomy":"post_tag","embeddable":true,"href":"https:\/\/www.studiogera.de\/001\/wp-json\/wp\/v2\/tags?post=39334"}],"curies":[{"name":"wp","href":"https:\/\/api.w.org\/{rel}","templated":true}]}}