{"id":39337,"date":"2025-10-02T00:54:32","date_gmt":"2025-10-01T22:54:32","guid":{"rendered":"https:\/\/www.studiogera.de\/001\/?p=39337"},"modified":"2025-10-02T00:56:35","modified_gmt":"2025-10-01T22:56:35","slug":"neuausrichtung-des-militaers-in-den-usa","status":"publish","type":"post","link":"https:\/\/www.studiogera.de\/001\/2025\/10\/02\/neuausrichtung-des-militaers-in-den-usa\/","title":{"rendered":"NEUAUSRICHTUNG DES MILIT\u00c4RS IN DEN USA"},"content":{"rendered":"\n<p>Das Treffen von US-Verteidigungsminister Pete Hegseth mit der US-Milit\u00e4rspitze auf dem St\u00fctzpunkt Quantico am Dienstag, den 30. September 2025, deutet auf den Beginn einer gr\u00f6\u00dferen Auseinandersetzung im Landesinnerin hin. Vor \u00fcber 800 hochrangigen Gener\u00e4len und Admiralen verk\u00fcndete er eine ideologische und strategische Neuausrichtung des Milit\u00e4rs.<\/p>\n\n\n\n<p>Anwesend war auch Pr\u00e4sident Donald Trump, der sich gleichlautend \u00e4u\u00dferte. Er betonte, die Kernaufgabe des Milit\u00e4rs sei die Verteidigung des Heimatlandes, nicht die \u00dcberwachung der Welt. Die USA seien \u201evon innen heraus einer Invasion ausgesetzt\u201c, durch einen uniformlosen inneren Feind, und m\u00fcssten nun auch die Grenzen des eigenen Landes verteidigen.<\/p>\n\n\n\n<p>Die einzige Mission des Milit\u00e4rs bestehe darin, Krieg zu f\u00fchren, sich auf Krieg vorzubereiten und den Sieg anzustreben, so Hegseth. Er forderte die Abschaffung aller Programme zur Gleichstellung und gegen Diskriminierung, kritisierte die sogenannte \u201ewoke\u201c Kultur im Milit\u00e4r scharf und rief zu mehr H\u00e4rte und Kampfgeist auf. Au\u00dferdem stellte der US-Verteidigungsminister stellte klar, dass das Zeitalter der politisch korrekten und \u00fcberempfindlichen F\u00fchrung vorbei sei. Wer diesen Kurs nicht unterst\u00fctze, solle seinen Posten r\u00e4umen. Zudem k\u00fcndigte er neue, geschlechtsneutrale Standards f\u00fcr k\u00f6rperliche Fitness an. Alle Soldaten in Kampfrollen sollen sich k\u00fcnftig einem Fitnesstest unterziehen. Verlangt wird eine Mindestpunktzahl von 70 % nach m\u00e4nnlichem Standard. \u201eFette Gener\u00e4le\u201c bezeichnete er als inakzeptabel.<\/p>\n","protected":false},"excerpt":{"rendered":"<div class=\"mh-excerpt\"><p>Das Treffen von US-Verteidigungsminister Pete Hegseth mit der US-Milit\u00e4rspitze auf dem St\u00fctzpunkt Quantico am Dienstag, den 30. September 2025, deutet auf den Beginn einer gr\u00f6\u00dferen Auseinandersetzung im Landesinnerin hin. Vor \u00fcber 800 hochrangigen Gener\u00e4len und <a class=\"mh-excerpt-more\" href=\"https:\/\/www.studiogera.de\/001\/2025\/10\/02\/neuausrichtung-des-militaers-in-den-usa\/\" title=\"NEUAUSRICHTUNG DES MILIT\u00c4RS IN DEN USA\">[&#8230;]<\/a><\/p>\n<\/div>","protected":false},"author":2,"featured_media":36417,"comment_status":"open","ping_status":"open","sticky":false,"template":"","format":"standard","meta":{"footnotes":""},"categories":[2],"tags":[],"class_list":{"0":"post-39337","1":"post","2":"type-post","3":"status-publish","4":"format-standard","5":"has-post-thumbnail","7":"category-weltweit"},"_links":{"self":[{"href":"https:\/\/www.studiogera.de\/001\/wp-json\/wp\/v2\/posts\/39337","targetHints":{"allow":["GET"]}}],"collection":[{"href":"https:\/\/www.studiogera.de\/001\/wp-json\/wp\/v2\/posts"}],"about":[{"href":"https:\/\/www.studiogera.de\/001\/wp-json\/wp\/v2\/types\/post"}],"author":[{"embeddable":true,"href":"https:\/\/www.studiogera.de\/001\/wp-json\/wp\/v2\/users\/2"}],"replies":[{"embeddable":true,"href":"https:\/\/www.studiogera.de\/001\/wp-json\/wp\/v2\/comments?post=39337"}],"version-history":[{"count":1,"href":"https:\/\/www.studiogera.de\/001\/wp-json\/wp\/v2\/posts\/39337\/revisions"}],"predecessor-version":[{"id":39340,"href":"https:\/\/www.studiogera.de\/001\/wp-json\/wp\/v2\/posts\/39337\/revisions\/39340"}],"wp:featuredmedia":[{"embeddable":true,"href":"https:\/\/www.studiogera.de\/001\/wp-json\/wp\/v2\/media\/36417"}],"wp:attachment":[{"href":"https:\/\/www.studiogera.de\/001\/wp-json\/wp\/v2\/media?parent=39337"}],"wp:term":[{"taxonomy":"category","embeddable":true,"href":"https:\/\/www.studiogera.de\/001\/wp-json\/wp\/v2\/categories?post=39337"},{"taxonomy":"post_tag","embeddable":true,"href":"https:\/\/www.studiogera.de\/001\/wp-json\/wp\/v2\/tags?post=39337"}],"curies":[{"name":"wp","href":"https:\/\/api.w.org\/{rel}","templated":true}]}}