{"id":39341,"date":"2025-10-02T01:23:53","date_gmt":"2025-10-01T23:23:53","guid":{"rendered":"https:\/\/www.studiogera.de\/001\/?p=39341"},"modified":"2025-10-02T01:23:54","modified_gmt":"2025-10-01T23:23:54","slug":"landschaftsbilder-von-heinrich-reinhold-und-otto-dix","status":"publish","type":"post","link":"https:\/\/www.studiogera.de\/001\/2025\/10\/02\/landschaftsbilder-von-heinrich-reinhold-und-otto-dix\/","title":{"rendered":"LANDSCHAFTSBILDER VON HEINRICH REINHOLD UND OTTO DIX"},"content":{"rendered":"\n<p>Im 200. Todesjahr von Heinrich Reinhold m\u00f6chte die Kunstsammlung Gera an das Schaffen des zu Lebzeiten von seinen Zeitgenossen sehr gesch\u00e4tzten Zeichners erinnern. Von den vielen W\u00fcrdigungen seiner Mitmenschen ist eine am bemerkenswertesten: 1824 hat der Berliner Architekt Karl Friedrich Schinkel Heinrich Reinhold in Rom besucht. In einen Brief an seine Frau hat er dieses Ereignis geschildert:<\/p>\n\n\n\n<blockquote class=\"wp-block-quote is-layout-flow wp-block-quote-is-layout-flow\">\n<p>\u201eF\u00fcr mich und f\u00fcr Dich habe ich denn im eigentlichsten Sinne etwas Wirkliches von Kunst mitgebracht, welches an sich selten, ja einzig ist und dazu die Erinnerung der Reise auf immer zu halten im Stande ist. Es sind die Studien, welche der jetzt in Rom anwesende talentvollste junge Landschafter Reinhold an Ort und Stelle \u2026 gemacht hat.\u201c<\/p>\n<\/blockquote>\n\n\n\n<p>Die besondere Bedeutung dieser \u00d6lstudien liegt in ihrem malerischen Reiz. Seine eindringliche Landschaftswahrnehmung die auch seine Zeichenkunst bestimmt machte ihn bis heute zu einem wichtigen Mitglied des deutsch-r\u00f6mischen K\u00fcnstlerkreises des 19. Jahrhunderts. Sein fr\u00fcher Tod 1825 in Rom beendete eine hoffnungsvolle Kariere. Im Gegensatz zu Heinrich Reinhold besch\u00e4ftigte sich Otto Dix nur tempor\u00e4r mit Landschaft als Motiv. Im fr\u00fchen und sp\u00e4teren Schaffen beschreibt er Natur zwischen Naturalismus, Altmeisterlichkeit und sp\u00e4ter Expressivit\u00e4t. Ganz im Sinne der Romantik wird die Landschaft zum Schauplatz seines inneren Erlebens. F\u00fcr den Gro\u00dfstadtmenschen Dix war der R\u00fcckzug in die Landschaft am Bodensee bis zu seinem Tod eine gewaltige Herausforderung.<\/p>\n\n\n\n<p>Die Ausstellung vereint ausgew\u00e4hlte Werke beider K\u00fcnstler aus dem eigenen Sammlungsbestand und schafft eindrucksvolle Bildkorrespondenzen.<\/p>\n\n\n\n<ul class=\"wp-block-list\">\n<li>Heinrich Reinhold, geboren 1788 in Gera, gestorben 1825 in Rom<\/li>\n\n\n\n<li>Otto Dix, geboren 1891 in Untermhaus bei Gera, gestorben 1969 in Singen<\/li>\n\n\n\n<li>Kurzf\u00fchrungen jeweils 12 Uhr am 22. Oktober 2025, 19. November 2025, 17. Dezember 2025, 14. Januar 2026<\/li>\n\n\n\n<li>Kunstgespr\u00e4ch f\u00fcr Senioren am Dienstag, den 21. Oktober 2025, 14 Uhr<\/li>\n\n\n\n<li>Einf\u00fchrung f\u00fcr Lehrer am Dienstag, den 28. Oktober 2025, 15.30 Uhr<\/li>\n<\/ul>\n\n\n\n<p>QUELLE: STADTVERWALTUNG<\/p>\n","protected":false},"excerpt":{"rendered":"<div class=\"mh-excerpt\"><p>Im 200. Todesjahr von Heinrich Reinhold m\u00f6chte die Kunstsammlung Gera an das Schaffen des zu Lebzeiten von seinen Zeitgenossen sehr gesch\u00e4tzten Zeichners erinnern. Von den vielen W\u00fcrdigungen seiner Mitmenschen ist eine am bemerkenswertesten: 1824 hat <a class=\"mh-excerpt-more\" href=\"https:\/\/www.studiogera.de\/001\/2025\/10\/02\/landschaftsbilder-von-heinrich-reinhold-und-otto-dix\/\" title=\"LANDSCHAFTSBILDER VON HEINRICH REINHOLD UND OTTO DIX\">[&#8230;]<\/a><\/p>\n<\/div>","protected":false},"author":2,"featured_media":39342,"comment_status":"open","ping_status":"open","sticky":false,"template":"","format":"standard","meta":{"footnotes":""},"categories":[8],"tags":[],"class_list":{"0":"post-39341","1":"post","2":"type-post","3":"status-publish","4":"format-standard","5":"has-post-thumbnail","7":"category-kultur"},"_links":{"self":[{"href":"https:\/\/www.studiogera.de\/001\/wp-json\/wp\/v2\/posts\/39341","targetHints":{"allow":["GET"]}}],"collection":[{"href":"https:\/\/www.studiogera.de\/001\/wp-json\/wp\/v2\/posts"}],"about":[{"href":"https:\/\/www.studiogera.de\/001\/wp-json\/wp\/v2\/types\/post"}],"author":[{"embeddable":true,"href":"https:\/\/www.studiogera.de\/001\/wp-json\/wp\/v2\/users\/2"}],"replies":[{"embeddable":true,"href":"https:\/\/www.studiogera.de\/001\/wp-json\/wp\/v2\/comments?post=39341"}],"version-history":[{"count":1,"href":"https:\/\/www.studiogera.de\/001\/wp-json\/wp\/v2\/posts\/39341\/revisions"}],"predecessor-version":[{"id":39343,"href":"https:\/\/www.studiogera.de\/001\/wp-json\/wp\/v2\/posts\/39341\/revisions\/39343"}],"wp:featuredmedia":[{"embeddable":true,"href":"https:\/\/www.studiogera.de\/001\/wp-json\/wp\/v2\/media\/39342"}],"wp:attachment":[{"href":"https:\/\/www.studiogera.de\/001\/wp-json\/wp\/v2\/media?parent=39341"}],"wp:term":[{"taxonomy":"category","embeddable":true,"href":"https:\/\/www.studiogera.de\/001\/wp-json\/wp\/v2\/categories?post=39341"},{"taxonomy":"post_tag","embeddable":true,"href":"https:\/\/www.studiogera.de\/001\/wp-json\/wp\/v2\/tags?post=39341"}],"curies":[{"name":"wp","href":"https:\/\/api.w.org\/{rel}","templated":true}]}}