{"id":39346,"date":"2025-10-02T01:49:15","date_gmt":"2025-10-01T23:49:15","guid":{"rendered":"https:\/\/www.studiogera.de\/001\/?p=39346"},"modified":"2025-10-02T01:49:15","modified_gmt":"2025-10-01T23:49:15","slug":"tiere-der-nacht-im-museum-fuer-naturkunde","status":"publish","type":"post","link":"https:\/\/www.studiogera.de\/001\/2025\/10\/02\/tiere-der-nacht-im-museum-fuer-naturkunde\/","title":{"rendered":"\u201eTIERE DER NACHT\u201c IM MUSEUM F\u00dcR NATURKUNDE"},"content":{"rendered":"\n<p>Wie schlafen eigentlich V\u00f6gel, ohne dabei vom Ast zu fallen? Wie entsteht das Leuchten der Gl\u00fchw\u00fcrmchen? Und warum \u00f6ffnen Nachtkerzen ihre Bl\u00fcten erst nachts? Diese und noch mehr faszinierende Einblicke k\u00f6nnen kleine und gro\u00dfe Besucher vom 3. Oktober 2025 bis 30. August 2026 im Museum f\u00fcr Naturkunde entdecken. Die neue Sonderausstellung \u201eTiere der Nacht\u201c pr\u00e4sentiert das eine breite Auswahl beeindruckender Pr\u00e4parate und bringt die verborgene Welt nachtaktiver Lebewesen ans Licht, w\u00e4hrend Informationen zur Lebensweise und Anpassungen an das Leben in der Dunkelheit zum Staunen einladen.<\/p>\n\n\n\n<p>Tiere, die in der Dunkelheit der Nacht aktiv sind, haben im Laufe der Zeit beeindruckende Anpassungen entwickelt, um mit den speziellen Lebensbedingungen zurecht zu kommen. Sie nutzen die Phase mit eingeschr\u00e4nktem Licht, um Beute zu finden und Fressfeinden zu entgehen. Das Leben in der Nacht dient auch dazu, Konkurrenz zu vermeiden und Feinden aus dem Weg zu gehen.<\/p>\n\n\n\n<p>Eine besondere Rolle spielt die Nacht in Gebieten mit extrem langen Dunkelphasen. So gibt es den Polarregionen mehrere Wochen oder gar Monate keine direkte Sonne, daf\u00fcr jedoch extreme K\u00e4lte. Auch im Boden herrscht Dunkelheit. Dennoch gibt es in diesen Lebensr\u00e4umen eine gro\u00dfe Vielfalt an Tierarten. Die Tiefsee, als einer der wenig erforschten Bereiche der Erde, beherbergt in ihrer Dunkelheit bizarre Lebensformen und Nahrungsketten, die unabh\u00e4ngig von der Energie der Sonne sind.<\/p>\n\n\n\n<p>Doch durch die die relativ kurzen N\u00e4chte au\u00dferhalb dieser extremen Lebensr\u00e4ume haben sich Tiere auf ein Leben in der Dunkelheit spezialisiert. Nachtfalter best\u00e4uben nachtbl\u00fchende Pflanzen, Flederm\u00e4use nutzen Ultraschall-Echoortung, um nachtaktive Insekten aufzusp\u00fcren und zu erbeuten. Die innere Uhr, die den Tag-Nacht-Rhythmus steuert, kontrolliert auch den Schlaft der Tiere und beeinflusst den Vogelzug. Durch k\u00fcnstliche Lichtquellen kann dieser Taktgeber gest\u00f6rt werden. Auch die allseits bekannte Anziehungskraft von Lampen auf Insekten stellt eine enorme Gefahr f\u00fcr diese Tiergruppe dar.<\/p>\n\n\n\n<p>All diese Aspekte des Lebens in der Dunkelheit m\u00f6chte die Ausstellung beleuchten und das verborgene Leben der Tiere der Nacht sichtbar machen. Dazu wurde die Ausstellung in liebevoller Handarbeit mit Objekten aus den eigenen Magazinbest\u00e4nden und Leihgaben aus Berlin, Jena, Halle und Gotha gestaltet.<\/p>\n\n\n\n<p>Im Rahmen der Ausstellung bietet das Museum f\u00fcr Naturkunde ein umfangreiches Begleitprogramm an. Dieses beinhaltet Vortr\u00e4ge sowie Nachtf\u00e4nge von Insekten und Flederm\u00e4usen. S\u00e4mtliche Termine werden auf der Seite \u201ewww.gera.de\/naturkundemuseum\u201c angek\u00fcndigt.<\/p>\n\n\n\n<p>Nach der feierlichen Er\u00f6ffnung am 2. Oktober 2025 um 18 Uhr steht sie dem neugierigen Publikum bis zum 30. August 2026 jeweils dienstags bis sonntags von 11 Uhr bis 17 Uhr offen.<\/p>\n\n\n\n<p>QUELLE: STADTVERWALTUNG<\/p>\n","protected":false},"excerpt":{"rendered":"<div class=\"mh-excerpt\"><p>Wie schlafen eigentlich V\u00f6gel, ohne dabei vom Ast zu fallen? Wie entsteht das Leuchten der Gl\u00fchw\u00fcrmchen? Und warum \u00f6ffnen Nachtkerzen ihre Bl\u00fcten erst nachts? Diese und noch mehr faszinierende Einblicke k\u00f6nnen kleine und gro\u00dfe Besucher <a class=\"mh-excerpt-more\" href=\"https:\/\/www.studiogera.de\/001\/2025\/10\/02\/tiere-der-nacht-im-museum-fuer-naturkunde\/\" title=\"\u201eTIERE DER NACHT\u201c IM MUSEUM F\u00dcR NATURKUNDE\">[&#8230;]<\/a><\/p>\n<\/div>","protected":false},"author":2,"featured_media":39348,"comment_status":"open","ping_status":"open","sticky":false,"template":"","format":"standard","meta":{"footnotes":""},"categories":[8],"tags":[],"class_list":{"0":"post-39346","1":"post","2":"type-post","3":"status-publish","4":"format-standard","5":"has-post-thumbnail","7":"category-kultur"},"_links":{"self":[{"href":"https:\/\/www.studiogera.de\/001\/wp-json\/wp\/v2\/posts\/39346","targetHints":{"allow":["GET"]}}],"collection":[{"href":"https:\/\/www.studiogera.de\/001\/wp-json\/wp\/v2\/posts"}],"about":[{"href":"https:\/\/www.studiogera.de\/001\/wp-json\/wp\/v2\/types\/post"}],"author":[{"embeddable":true,"href":"https:\/\/www.studiogera.de\/001\/wp-json\/wp\/v2\/users\/2"}],"replies":[{"embeddable":true,"href":"https:\/\/www.studiogera.de\/001\/wp-json\/wp\/v2\/comments?post=39346"}],"version-history":[{"count":1,"href":"https:\/\/www.studiogera.de\/001\/wp-json\/wp\/v2\/posts\/39346\/revisions"}],"predecessor-version":[{"id":39347,"href":"https:\/\/www.studiogera.de\/001\/wp-json\/wp\/v2\/posts\/39346\/revisions\/39347"}],"wp:featuredmedia":[{"embeddable":true,"href":"https:\/\/www.studiogera.de\/001\/wp-json\/wp\/v2\/media\/39348"}],"wp:attachment":[{"href":"https:\/\/www.studiogera.de\/001\/wp-json\/wp\/v2\/media?parent=39346"}],"wp:term":[{"taxonomy":"category","embeddable":true,"href":"https:\/\/www.studiogera.de\/001\/wp-json\/wp\/v2\/categories?post=39346"},{"taxonomy":"post_tag","embeddable":true,"href":"https:\/\/www.studiogera.de\/001\/wp-json\/wp\/v2\/tags?post=39346"}],"curies":[{"name":"wp","href":"https:\/\/api.w.org\/{rel}","templated":true}]}}