{"id":39349,"date":"2025-10-02T02:14:17","date_gmt":"2025-10-02T00:14:17","guid":{"rendered":"https:\/\/www.studiogera.de\/001\/?p=39349"},"modified":"2025-10-02T02:14:18","modified_gmt":"2025-10-02T00:14:18","slug":"informationen-zum-hoehlerfest","status":"publish","type":"post","link":"https:\/\/www.studiogera.de\/001\/2025\/10\/02\/informationen-zum-hoehlerfest\/","title":{"rendered":"INFORMATIONEN ZUM H\u00d6HLERFEST"},"content":{"rendered":"\n<p>Zum diesj\u00e4hrigen H\u00f6hlerfest vom 3. bis 5. Oktober 2025 erweitert die Gera-Information ihre Servicezeiten und ist an allen drei Tagen von 11 Uhr bis 18 Uhr ge\u00f6ffnet. Besucher haben damit die M\u00f6glichkeit, sich w\u00e4hrend des Stadtfests umfassend beraten zu lassen und das vielf\u00e4ltige Angebot der Gera-Information zu nutzen. Neben dem Beratungs- und Informationsangeboten gibt es vielf\u00e4ltige Souvenirs und Geschenkartikel rund um Gera.<\/p>\n\n\n\n<p>Die Brosch\u00fcre zum H\u00f6hlerfest kann auf der offiziellen Seite der Stadt Gera heruntergeladen werden:<\/p>\n\n\n\n<p><a href=\"https:\/\/www.gera.de\/maerkte-und-feste\/stadtfeste\/hoehlerfest\">https:\/\/www.gera.de\/maerkte-und-feste\/stadtfeste\/hoehlerfest<\/a><\/p>\n\n\n\n<p>W\u00e4hrend des H\u00f6hlerfestes vom 3. bis 5. Oktober 2025 kommt es im Stadtzentrum zu Verkehrseinschr\u00e4nkungen. Auf dem Nicolaiberg, der Nicolaistra\u00dfe, der Burgstra\u00dfe, der Schlo\u00dfstra\u00dfe zwischen Dr. Eckener Stra\u00dfe und Puschkinplatz, der Rudolf-Diener Stra\u00dfe zwischen Schlo\u00dfstra\u00dfe und Amthorstra\u00dfe, der Humboldtstra\u00dfe zwischen Rudolf-Diener Stra\u00dfe und Haus-Nr. 13 und der Zschochernstra\u00dfe bis Haus-Nr. 22 gibt es von Donnerstag, 2. Oktober, 6 Uhr, bis Montag, 6. Oktober, 18 Uhr Stra\u00dfensperrungen. Im verkehrsberuhigten Bereich (Abzweig Dr. Eckener-Stra\u00dfe) vor der Stadt- und Regionalbibliothek gilt vom Donnerstag, 2. Oktober, 6 Uhr, bis Montag, 6. Oktober, 18 Uhr, ein Halteverbot. Der Puschkinplatz kann ab Mittwoch, 1. Oktober, 6 Uhr, bis Montag, 6. Oktober, 18 Uhr, nicht befahren werden. Au\u00dferhalb der Festzeiten ist \u00fcber diese befahrbaren Durchfahrtssperren der Anlieger- und Lieferverkehr m\u00f6glich. Alle Sperrungen werden so errichtet, dass diese von Fu\u00dfg\u00e4ngern, auch mit Kinderwagen oder Rollstuhl, sowie Radfahrern uneingeschr\u00e4nkt umfahren werden k\u00f6nnen.<\/p>\n\n\n\n<div data-wp-interactive=\"core\/file\" class=\"wp-block-file\"><object data-wp-bind--hidden=\"!state.hasPdfPreview\" hidden class=\"wp-block-file__embed\" data=\"https:\/\/www.studiogera.de\/001\/wp-content\/uploads\/2025\/10\/DATEI_012.pdf\" type=\"application\/pdf\" style=\"width:100%;height:600px\" aria-label=\"Einbettung von DATEI_012.\"><\/object><a id=\"wp-block-file--media-31d903ef-335a-4691-b90e-62a795a8d767\" href=\"https:\/\/www.studiogera.de\/001\/wp-content\/uploads\/2025\/10\/DATEI_012.pdf\">DATEI_012<\/a><a href=\"https:\/\/www.studiogera.de\/001\/wp-content\/uploads\/2025\/10\/DATEI_012.pdf\" class=\"wp-block-file__button wp-element-button\" download aria-describedby=\"wp-block-file--media-31d903ef-335a-4691-b90e-62a795a8d767\">Herunterladen<\/a><\/div>\n\n\n\n<p>F\u00fcr die Dauer des H\u00f6hlerfestes erweitert die Verkehrs- und Betriebsgesellschaft Gera mbH ihr Fahrtenangebot auf der Stra\u00dfenbahnlinie 1. Um den Besuchern eine bequeme und stressfreie Anreise zu den zahlreichen Veranstaltungsorten im Stadtgebiet zu erm\u00f6glichen, wird an zwei Tagen der Takt verdichtet. Am Freitag, den 3. Oktober 2025, sowie am Sonntag, den 5. Oktober 2025, verkehrt die Linie 1 zwischen Zw\u00f6tzen und Untermhaus in der Zeit von 13 Uhr bis 18 Uhr im 15-Minuten-Takt. Der Sonderfahrplan f\u00fcr die genannten Tage steht ab sofort auf der Webseite des GVB zur Verf\u00fcgung und kann unter \u201ewww.gvbgera.de\u201c eingesehen werden.<\/p>\n","protected":false},"excerpt":{"rendered":"<div class=\"mh-excerpt\"><p>Zum diesj\u00e4hrigen H\u00f6hlerfest vom 3. bis 5. Oktober 2025 erweitert die Gera-Information ihre Servicezeiten und ist an allen drei Tagen von 11 Uhr bis 18 Uhr ge\u00f6ffnet. Besucher haben damit die M\u00f6glichkeit, sich w\u00e4hrend des <a class=\"mh-excerpt-more\" href=\"https:\/\/www.studiogera.de\/001\/2025\/10\/02\/informationen-zum-hoehlerfest\/\" title=\"INFORMATIONEN ZUM H\u00d6HLERFEST\">[&#8230;]<\/a><\/p>\n<\/div>","protected":false},"author":2,"featured_media":39352,"comment_status":"open","ping_status":"open","sticky":false,"template":"","format":"standard","meta":{"footnotes":""},"categories":[16],"tags":[],"class_list":{"0":"post-39349","1":"post","2":"type-post","3":"status-publish","4":"format-standard","5":"has-post-thumbnail","7":"category-kurzmitteilungen"},"_links":{"self":[{"href":"https:\/\/www.studiogera.de\/001\/wp-json\/wp\/v2\/posts\/39349","targetHints":{"allow":["GET"]}}],"collection":[{"href":"https:\/\/www.studiogera.de\/001\/wp-json\/wp\/v2\/posts"}],"about":[{"href":"https:\/\/www.studiogera.de\/001\/wp-json\/wp\/v2\/types\/post"}],"author":[{"embeddable":true,"href":"https:\/\/www.studiogera.de\/001\/wp-json\/wp\/v2\/users\/2"}],"replies":[{"embeddable":true,"href":"https:\/\/www.studiogera.de\/001\/wp-json\/wp\/v2\/comments?post=39349"}],"version-history":[{"count":2,"href":"https:\/\/www.studiogera.de\/001\/wp-json\/wp\/v2\/posts\/39349\/revisions"}],"predecessor-version":[{"id":39353,"href":"https:\/\/www.studiogera.de\/001\/wp-json\/wp\/v2\/posts\/39349\/revisions\/39353"}],"wp:featuredmedia":[{"embeddable":true,"href":"https:\/\/www.studiogera.de\/001\/wp-json\/wp\/v2\/media\/39352"}],"wp:attachment":[{"href":"https:\/\/www.studiogera.de\/001\/wp-json\/wp\/v2\/media?parent=39349"}],"wp:term":[{"taxonomy":"category","embeddable":true,"href":"https:\/\/www.studiogera.de\/001\/wp-json\/wp\/v2\/categories?post=39349"},{"taxonomy":"post_tag","embeddable":true,"href":"https:\/\/www.studiogera.de\/001\/wp-json\/wp\/v2\/tags?post=39349"}],"curies":[{"name":"wp","href":"https:\/\/api.w.org\/{rel}","templated":true}]}}