{"id":39354,"date":"2025-10-03T00:01:38","date_gmt":"2025-10-02T22:01:38","guid":{"rendered":"https:\/\/www.studiogera.de\/001\/?p=39354"},"modified":"2025-10-03T00:01:40","modified_gmt":"2025-10-02T22:01:40","slug":"verkehrseinschraenkungen-am-3-oktober-2025","status":"publish","type":"post","link":"https:\/\/www.studiogera.de\/001\/2025\/10\/03\/verkehrseinschraenkungen-am-3-oktober-2025\/","title":{"rendered":"VERKEHRSEINSCHR\u00c4NKUNGEN AM 3. OKTOBER 2025"},"content":{"rendered":"\n<p>Eine angemeldete Demonstration des Vereines \u201eAufandhalt\u201c kann am 3. Oktober 2025 zu Beeintr\u00e4chtigungen des Stra\u00dfenverkehrs f\u00fchren. Die Versammlung beginnt um 11 Uhr auf dem Hofwiesenparkplatz und endet um 15 Uhr auf dem Platz am Hauptbahnhof. Unter dem Motto \u201eStaat und Patriarchat zerschlagen \u2014 Antifaschismus auf die Stra\u00dfe tragen!\u201c werden voraussichtlich rund 300 Personen an der \u201eAntifaschistischen Aktion\u201c teilnehmen. Die Route Hofwiesenparkplatz\u2014K\u00fcchengartenallee\u2014Theaterplatz\u2014Ernst-Toller-Stra\u00dfe\u2014De-Smit-Stra\u00dfe\u2014Breitscheidstra\u00dfe\u2014Heinrichstra\u00dfe\u2014Hainstra\u00dfe\u2014De-Smit-Stra\u00dfe\u2014Ernst-Toller-Stra\u00dfe\u2014Bahnhofstra\u00dfe\u2014Bahnhofsplatz wird von der Polizei abgesichert. Auf dem Hofwiesenparkplatz, in der Heinrichstra\u00dfe und am Bahnhofsplatz sind Kundgebungen geplant.<\/p>\n\n\n\n<p>Die wegen des H\u00f6hlerfestes gesperrten Stra\u00dfen sind auf der nachfolgenden Karte zu sehen.<\/p>\n\n\n\n<div data-wp-interactive=\"core\/file\" class=\"wp-block-file\"><object data-wp-bind--hidden=\"!state.hasPdfPreview\" hidden class=\"wp-block-file__embed\" data=\"https:\/\/www.studiogera.de\/001\/wp-content\/uploads\/2025\/10\/DATEI_012.pdf\" type=\"application\/pdf\" style=\"width:100%;height:600px\" aria-label=\"Einbettung von DATEI_012.\"><\/object><a id=\"wp-block-file--media-961dae44-9a24-438a-8bc7-2cb53ad47b2b\" href=\"https:\/\/www.studiogera.de\/001\/wp-content\/uploads\/2025\/10\/DATEI_012.pdf\">DATEI_012<\/a><a href=\"https:\/\/www.studiogera.de\/001\/wp-content\/uploads\/2025\/10\/DATEI_012.pdf\" class=\"wp-block-file__button wp-element-button\" download aria-describedby=\"wp-block-file--media-961dae44-9a24-438a-8bc7-2cb53ad47b2b\">Herunterladen<\/a><\/div>\n","protected":false},"excerpt":{"rendered":"<div class=\"mh-excerpt\"><p>Eine angemeldete Demonstration des Vereines \u201eAufandhalt\u201c kann am 3. Oktober 2025 zu Beeintr\u00e4chtigungen des Stra\u00dfenverkehrs f\u00fchren. Die Versammlung beginnt um 11 Uhr auf dem Hofwiesenparkplatz und endet um 15 Uhr auf dem Platz am Hauptbahnhof. <a class=\"mh-excerpt-more\" href=\"https:\/\/www.studiogera.de\/001\/2025\/10\/03\/verkehrseinschraenkungen-am-3-oktober-2025\/\" title=\"VERKEHRSEINSCHR\u00c4NKUNGEN AM 3. OKTOBER 2025\">[&#8230;]<\/a><\/p>\n<\/div>","protected":false},"author":3,"featured_media":31498,"comment_status":"open","ping_status":"open","sticky":false,"template":"","format":"standard","meta":{"footnotes":""},"categories":[16],"tags":[],"class_list":{"0":"post-39354","1":"post","2":"type-post","3":"status-publish","4":"format-standard","5":"has-post-thumbnail","7":"category-kurzmitteilungen"},"_links":{"self":[{"href":"https:\/\/www.studiogera.de\/001\/wp-json\/wp\/v2\/posts\/39354","targetHints":{"allow":["GET"]}}],"collection":[{"href":"https:\/\/www.studiogera.de\/001\/wp-json\/wp\/v2\/posts"}],"about":[{"href":"https:\/\/www.studiogera.de\/001\/wp-json\/wp\/v2\/types\/post"}],"author":[{"embeddable":true,"href":"https:\/\/www.studiogera.de\/001\/wp-json\/wp\/v2\/users\/3"}],"replies":[{"embeddable":true,"href":"https:\/\/www.studiogera.de\/001\/wp-json\/wp\/v2\/comments?post=39354"}],"version-history":[{"count":1,"href":"https:\/\/www.studiogera.de\/001\/wp-json\/wp\/v2\/posts\/39354\/revisions"}],"predecessor-version":[{"id":39355,"href":"https:\/\/www.studiogera.de\/001\/wp-json\/wp\/v2\/posts\/39354\/revisions\/39355"}],"wp:featuredmedia":[{"embeddable":true,"href":"https:\/\/www.studiogera.de\/001\/wp-json\/wp\/v2\/media\/31498"}],"wp:attachment":[{"href":"https:\/\/www.studiogera.de\/001\/wp-json\/wp\/v2\/media?parent=39354"}],"wp:term":[{"taxonomy":"category","embeddable":true,"href":"https:\/\/www.studiogera.de\/001\/wp-json\/wp\/v2\/categories?post=39354"},{"taxonomy":"post_tag","embeddable":true,"href":"https:\/\/www.studiogera.de\/001\/wp-json\/wp\/v2\/tags?post=39354"}],"curies":[{"name":"wp","href":"https:\/\/api.w.org\/{rel}","templated":true}]}}