{"id":39359,"date":"2025-10-03T00:45:10","date_gmt":"2025-10-02T22:45:10","guid":{"rendered":"https:\/\/www.studiogera.de\/001\/?p=39359"},"modified":"2025-10-03T00:45:10","modified_gmt":"2025-10-02T22:45:10","slug":"das-museum-fuer-naturkunde-in-den-herbstferien-2","status":"publish","type":"post","link":"https:\/\/www.studiogera.de\/001\/2025\/10\/03\/das-museum-fuer-naturkunde-in-den-herbstferien-2\/","title":{"rendered":"DAS MUSEUM F\u00dcR NATURKUNDE IN DEN HERBSTFERIEN"},"content":{"rendered":"\n<p>W\u00e4hrend der Th\u00fcringer Herbstferien 2025 l\u00e4dt das Museum f\u00fcr Naturkunde zu zw\u00f6lf \u00f6ffentlichen Veranstaltungen ein. Angeboten werden die Mitmachprogramme \u201eWollhaarnashorn-H\u00f6hlenmalerei\u201c, \u201eNacht-Gestalten\u201c und \u201eKristall-Sch\u00e4tze\u201c. Sie sind geeignet f\u00fcr Kinder ab einem Alter von sechs Jahren.<\/p>\n\n\n\n<ul class=\"wp-block-list\">\n<li>Freitag, 3. Oktober 2025, 11 Uhr bis 17 Uhr: \u201eWollhaarnashorn-H\u00f6hlenmalerei\u201c<\/li>\n\n\n\n<li>Samstag, 4. Oktober 2025, 14 Uhr: \u201eNacht-Gestalten\u201c<\/li>\n\n\n\n<li>Sonntag, 5. Oktober 2025, 14 Uhr: \u201eNacht-Gestalten\u201c<\/li>\n\n\n\n<li>Dienstag, 7. Oktober 2025, 14 Uhr: \u201eKristall-Sch\u00e4tze\u201c<\/li>\n\n\n\n<li>Mittwoch, 8. Oktober 2025, 14 Uhr: \u201eKristall-Sch\u00e4tze\u201c<\/li>\n\n\n\n<li>Donnerstag, 9. Oktober 2025, 14 Uhr: \u201eNacht-Gestalten\u201c<\/li>\n\n\n\n<li>Freitag, 10. Oktober 2025, 14 Uhr: \u201eNacht-Gestalten\u201c<\/li>\n\n\n\n<li>Dienstag, 14. Oktober 2025, 14 Uhr: \u201eKristall-Sch\u00e4tze\u201c<\/li>\n\n\n\n<li>Mittwoch, 15. Oktober 2025, 14 Uhr: \u201eKristall-Sch\u00e4tze\u201c<\/li>\n\n\n\n<li>Donnerstag,16. Oktober 2025, 14 Uhr: \u201eKristall-Sch\u00e4tze\u201c<\/li>\n\n\n\n<li>Freitag, 17. Oktober 2025, 14 Uhr: \u201eNacht-Gestalten\u201c<\/li>\n\n\n\n<li>Samstag, 18. Oktober 2025, 14 Uhr: \u201eNacht-Gestalten\u201c<\/li>\n<\/ul>\n\n\n\n<p>ERL\u00c4UTERUNGEN<\/p>\n\n\n\n<p><strong>\u201eWollhaarnashorn-H\u00f6hlenmalerei\u201c<\/strong><br>Die Ferienkinder k\u00f6nnen sich gestalterisch versuchen und mit echtem Eisenerz, konkret H\u00e4matit, auf einer Keramikplatte ein Wollhaarnashorn im Stil einer Jahrtausende alten H\u00f6hlenmalerei zeichnen. Ein entsprechendes Wollhaarnashorn in Originalgr\u00f6\u00dfe steht daf\u00fcr nat\u00fcrlich Modell.<\/p>\n\n\n\n<p><strong>\u201eNacht-Gestalten\u201c<\/strong><br>Das Museum f\u00fcr Naturkunde zeigt eine gro\u00dfe Sonderausstellung mit Tieren, die nachtaktiv sind oder aber in wochenlanger bis sogar ewiger Dunkelheit leben. Neben dem Ausstellungsrundgang werden im Kinderkabinett \u201eSchwalbennest\u201c einige weitere Beispiele entsprechender Tiere kindgerecht mit Filmbeitr\u00e4gen vorgestellt. Anschlie\u00dfend k\u00f6nnen die Ferienkinder dann jeweils einen Tiefsee-Anglerfisch zum Mitnehmen basteln.<\/p>\n\n\n\n<p><strong>\u201eKristall-Sch\u00e4tze\u201c<\/strong><br>Bei diesem Ferienprogramm dreht sich alles um die faszinierenden Mineralien unseres Planeten, die an Formen ihrer Kristalle und Farben fast grenzenlos abwechslungsreich sind, weshalb sie viele Menschen sammeln. Ein paar spektakul\u00e4re Beispiele werden im Kinderkabinett \u201eSchwalbennest\u201c gezeigt und erkl\u00e4rt. Danach f\u00fchrt die Ferienkinder ein Suchspiel durch alle mineralogischen Ausstellungen im Museum, denn im Herbst 2025 sind besonders viele Exemplare zu sehen. Die Ergebnisse dieses Suchspiels sind anschlie\u00dfend die Grundlage f\u00fcr ein Mineralien-Plakat zum Mitnehmen f\u00fcr das Kinderzimmer, das es dann zu basteln gilt.<\/p>\n\n\n\n<p>Die Teilnehmerzahl ist bei jeder Veranstaltung begrenzt. Empfohlen wird daher die telefonische Reservierung unter der Rufnummer +4936552003 w\u00e4hrend der \u00d6ffnungszeiten des Museums \u2014 dienstags bis sonntags und feiertags von 11 Uhr bis 17 Uhr.<\/p>\n\n\n\n<p>QUELLE: STADTVERWALTUNG<\/p>\n","protected":false},"excerpt":{"rendered":"<div class=\"mh-excerpt\"><p>W\u00e4hrend der Th\u00fcringer Herbstferien 2025 l\u00e4dt das Museum f\u00fcr Naturkunde zu zw\u00f6lf \u00f6ffentlichen Veranstaltungen ein. Angeboten werden die Mitmachprogramme \u201eWollhaarnashorn-H\u00f6hlenmalerei\u201c, \u201eNacht-Gestalten\u201c und \u201eKristall-Sch\u00e4tze\u201c. Sie sind geeignet f\u00fcr Kinder ab einem Alter von sechs Jahren. ERL\u00c4UTERUNGEN <a class=\"mh-excerpt-more\" href=\"https:\/\/www.studiogera.de\/001\/2025\/10\/03\/das-museum-fuer-naturkunde-in-den-herbstferien-2\/\" title=\"DAS MUSEUM F\u00dcR NATURKUNDE IN DEN HERBSTFERIEN\">[&#8230;]<\/a><\/p>\n<\/div>","protected":false},"author":2,"featured_media":12871,"comment_status":"open","ping_status":"open","sticky":false,"template":"","format":"standard","meta":{"footnotes":""},"categories":[8],"tags":[],"class_list":{"0":"post-39359","1":"post","2":"type-post","3":"status-publish","4":"format-standard","5":"has-post-thumbnail","7":"category-kultur"},"_links":{"self":[{"href":"https:\/\/www.studiogera.de\/001\/wp-json\/wp\/v2\/posts\/39359","targetHints":{"allow":["GET"]}}],"collection":[{"href":"https:\/\/www.studiogera.de\/001\/wp-json\/wp\/v2\/posts"}],"about":[{"href":"https:\/\/www.studiogera.de\/001\/wp-json\/wp\/v2\/types\/post"}],"author":[{"embeddable":true,"href":"https:\/\/www.studiogera.de\/001\/wp-json\/wp\/v2\/users\/2"}],"replies":[{"embeddable":true,"href":"https:\/\/www.studiogera.de\/001\/wp-json\/wp\/v2\/comments?post=39359"}],"version-history":[{"count":1,"href":"https:\/\/www.studiogera.de\/001\/wp-json\/wp\/v2\/posts\/39359\/revisions"}],"predecessor-version":[{"id":39360,"href":"https:\/\/www.studiogera.de\/001\/wp-json\/wp\/v2\/posts\/39359\/revisions\/39360"}],"wp:featuredmedia":[{"embeddable":true,"href":"https:\/\/www.studiogera.de\/001\/wp-json\/wp\/v2\/media\/12871"}],"wp:attachment":[{"href":"https:\/\/www.studiogera.de\/001\/wp-json\/wp\/v2\/media?parent=39359"}],"wp:term":[{"taxonomy":"category","embeddable":true,"href":"https:\/\/www.studiogera.de\/001\/wp-json\/wp\/v2\/categories?post=39359"},{"taxonomy":"post_tag","embeddable":true,"href":"https:\/\/www.studiogera.de\/001\/wp-json\/wp\/v2\/tags?post=39359"}],"curies":[{"name":"wp","href":"https:\/\/api.w.org\/{rel}","templated":true}]}}