{"id":39361,"date":"2025-10-03T00:58:13","date_gmt":"2025-10-02T22:58:13","guid":{"rendered":"https:\/\/www.studiogera.de\/001\/?p=39361"},"modified":"2025-10-03T00:58:13","modified_gmt":"2025-10-02T22:58:13","slug":"gwt-erhaelt-interims-geschaeftsfuehrer","status":"publish","type":"post","link":"https:\/\/www.studiogera.de\/001\/2025\/10\/03\/gwt-erhaelt-interims-geschaeftsfuehrer\/","title":{"rendered":"GWT ERH\u00c4LT INTERIMS-GESCH\u00c4FTSF\u00dcHRER"},"content":{"rendered":"\n<p>Nachdem der neue Gesch\u00e4ftsf\u00fchrer der Gesellschaft f\u00fcr Wirtschaft und Tourismus (GWT) am vergangenen Freitag \u00fcberraschend gek\u00fcndigt hatte, besch\u00e4ftigte sich der Stadtrat in seiner Sitzung vom 1. Oktober 2025 mit der Nachbesetzung der Stelle des Gesch\u00e4ftsf\u00fchrers. Die Gesellschafter der GWT, die Stadt Gera und die Sparkasse Gera-Greiz, sind sich einig, dass die Stelle in K\u00fcrze neu ausgeschrieben werden muss.<\/p>\n\n\n\n<p>Zur Wahrung der Handlungsf\u00e4higkeit der Gesellschaft und um f\u00fcr die Neuausrichtung, n\u00e4mlich der \u00dcberf\u00fchrung der derzeit noch in der Stadtverwaltung zugeordneten Aufgabenbereiche um die Wirtschaftsf\u00f6rderung und den Tourismus in die Gesellschaft zum 1. Januar 2026, mit Blick auf den straffen Zeitplan keine Zeit zu verlieren, wurde mit Wirkung zum 1. Oktober 2025 Herr Torsten Quackatz zum Interims-Gesch\u00e4ftsf\u00fchrer bestellt. Oberb\u00fcrgermeister Kurt Dannenberg freut sich \u00fcber die gute L\u00f6sung:<\/p>\n\n\n\n<blockquote class=\"wp-block-quote is-layout-flow wp-block-quote-is-layout-flow\">\n<p>\u201eMit seiner Expertise als langj\u00e4hriger Mitarbeiter im Bereich Wirtschafts- und Standortentwicklung in der Stadtverwaltung Gera sowie seiner vorangegangenen T\u00e4tigkeiten in der Technologie- und Gr\u00fcnderzentrum Gera GmbH, jetzt GWT, bringt Herr Quackatz die richtigen Voraussetzungen mit, um die GWT weiterzuentwickeln und die gemeinsamen Ziele der Gesellschafter in den kommenden Monaten umzusetzen.\u201c<\/p>\n<\/blockquote>\n\n\n\n<p>QUELLE: STADTVERWALTUNG<\/p>\n","protected":false},"excerpt":{"rendered":"<div class=\"mh-excerpt\"><p>Nachdem der neue Gesch\u00e4ftsf\u00fchrer der Gesellschaft f\u00fcr Wirtschaft und Tourismus (GWT) am vergangenen Freitag \u00fcberraschend gek\u00fcndigt hatte, besch\u00e4ftigte sich der Stadtrat in seiner Sitzung vom 1. Oktober 2025 mit der Nachbesetzung der Stelle des Gesch\u00e4ftsf\u00fchrers. <a class=\"mh-excerpt-more\" href=\"https:\/\/www.studiogera.de\/001\/2025\/10\/03\/gwt-erhaelt-interims-geschaeftsfuehrer\/\" title=\"GWT ERH\u00c4LT INTERIMS-GESCH\u00c4FTSF\u00dcHRER\">[&#8230;]<\/a><\/p>\n<\/div>","protected":false},"author":2,"featured_media":25815,"comment_status":"open","ping_status":"open","sticky":false,"template":"","format":"standard","meta":{"footnotes":""},"categories":[3],"tags":[],"class_list":{"0":"post-39361","1":"post","2":"type-post","3":"status-publish","4":"format-standard","5":"has-post-thumbnail","7":"category-lokal"},"_links":{"self":[{"href":"https:\/\/www.studiogera.de\/001\/wp-json\/wp\/v2\/posts\/39361","targetHints":{"allow":["GET"]}}],"collection":[{"href":"https:\/\/www.studiogera.de\/001\/wp-json\/wp\/v2\/posts"}],"about":[{"href":"https:\/\/www.studiogera.de\/001\/wp-json\/wp\/v2\/types\/post"}],"author":[{"embeddable":true,"href":"https:\/\/www.studiogera.de\/001\/wp-json\/wp\/v2\/users\/2"}],"replies":[{"embeddable":true,"href":"https:\/\/www.studiogera.de\/001\/wp-json\/wp\/v2\/comments?post=39361"}],"version-history":[{"count":1,"href":"https:\/\/www.studiogera.de\/001\/wp-json\/wp\/v2\/posts\/39361\/revisions"}],"predecessor-version":[{"id":39362,"href":"https:\/\/www.studiogera.de\/001\/wp-json\/wp\/v2\/posts\/39361\/revisions\/39362"}],"wp:featuredmedia":[{"embeddable":true,"href":"https:\/\/www.studiogera.de\/001\/wp-json\/wp\/v2\/media\/25815"}],"wp:attachment":[{"href":"https:\/\/www.studiogera.de\/001\/wp-json\/wp\/v2\/media?parent=39361"}],"wp:term":[{"taxonomy":"category","embeddable":true,"href":"https:\/\/www.studiogera.de\/001\/wp-json\/wp\/v2\/categories?post=39361"},{"taxonomy":"post_tag","embeddable":true,"href":"https:\/\/www.studiogera.de\/001\/wp-json\/wp\/v2\/tags?post=39361"}],"curies":[{"name":"wp","href":"https:\/\/api.w.org\/{rel}","templated":true}]}}