{"id":39367,"date":"2025-10-03T01:29:13","date_gmt":"2025-10-02T23:29:13","guid":{"rendered":"https:\/\/www.studiogera.de\/001\/?p=39367"},"modified":"2025-10-03T01:29:14","modified_gmt":"2025-10-02T23:29:14","slug":"einsaetze-der-feuerwehr-19","status":"publish","type":"post","link":"https:\/\/www.studiogera.de\/001\/2025\/10\/03\/einsaetze-der-feuerwehr-19\/","title":{"rendered":"EINS\u00c4TZE DER FEUERWEHR"},"content":{"rendered":"\n<p>Auf dem Sportgel\u00e4nde an der Karl-Matthes-Stra\u00dfe brannten am 2. Oktober 2025 zwei Baucontainer. Als die Feuerwehr eintraf, standen diese bereits in Vollbrand. Es stieg starker Rauch auf. Mehrere Trupps mit Atemschutzausr\u00fcstung bek\u00e4mpften die Flammen mit C-Strahlrohren. Eine stabile Wasserversorgung wurde aufgebaut. Die L\u00f6scharbeiten dauerten etwa zwei Stunden.<\/p>\n\n\n\n<p>Gegen 18.30 Uhr am 2. Oktober 2025 wurde die Freiwillige Feuerwehr Gera-Mitte zusammen mit der Drohnengruppe der Feuerwehr Gera, den hauptamtlichen Kr\u00e4ften der Wache 2, dem F\u00fchrungsdienst der Stufe B, sowie der Feuerwehr Liebschwitz in die Karl-Matthes-Stra\u00dfe beordert. Aus einem Fenster stieg Rauch auf. Ein Angriffstrupp begab sich zur Lageerkundung in die betroffene Wohnung. Angebranntes Essen war die Ursache. Die Wohnung wurde bel\u00fcftet.<\/p>\n","protected":false},"excerpt":{"rendered":"<div class=\"mh-excerpt\"><p>Auf dem Sportgel\u00e4nde an der Karl-Matthes-Stra\u00dfe brannten am 2. Oktober 2025 zwei Baucontainer. Als die Feuerwehr eintraf, standen diese bereits in Vollbrand. Es stieg starker Rauch auf. Mehrere Trupps mit Atemschutzausr\u00fcstung bek\u00e4mpften die Flammen mit <a class=\"mh-excerpt-more\" href=\"https:\/\/www.studiogera.de\/001\/2025\/10\/03\/einsaetze-der-feuerwehr-19\/\" title=\"EINS\u00c4TZE DER FEUERWEHR\">[&#8230;]<\/a><\/p>\n<\/div>","protected":false},"author":3,"featured_media":9362,"comment_status":"open","ping_status":"open","sticky":false,"template":"","format":"standard","meta":{"footnotes":""},"categories":[13],"tags":[],"class_list":{"0":"post-39367","1":"post","2":"type-post","3":"status-publish","4":"format-standard","5":"has-post-thumbnail","7":"category-polizeiberichte"},"_links":{"self":[{"href":"https:\/\/www.studiogera.de\/001\/wp-json\/wp\/v2\/posts\/39367","targetHints":{"allow":["GET"]}}],"collection":[{"href":"https:\/\/www.studiogera.de\/001\/wp-json\/wp\/v2\/posts"}],"about":[{"href":"https:\/\/www.studiogera.de\/001\/wp-json\/wp\/v2\/types\/post"}],"author":[{"embeddable":true,"href":"https:\/\/www.studiogera.de\/001\/wp-json\/wp\/v2\/users\/3"}],"replies":[{"embeddable":true,"href":"https:\/\/www.studiogera.de\/001\/wp-json\/wp\/v2\/comments?post=39367"}],"version-history":[{"count":1,"href":"https:\/\/www.studiogera.de\/001\/wp-json\/wp\/v2\/posts\/39367\/revisions"}],"predecessor-version":[{"id":39368,"href":"https:\/\/www.studiogera.de\/001\/wp-json\/wp\/v2\/posts\/39367\/revisions\/39368"}],"wp:featuredmedia":[{"embeddable":true,"href":"https:\/\/www.studiogera.de\/001\/wp-json\/wp\/v2\/media\/9362"}],"wp:attachment":[{"href":"https:\/\/www.studiogera.de\/001\/wp-json\/wp\/v2\/media?parent=39367"}],"wp:term":[{"taxonomy":"category","embeddable":true,"href":"https:\/\/www.studiogera.de\/001\/wp-json\/wp\/v2\/categories?post=39367"},{"taxonomy":"post_tag","embeddable":true,"href":"https:\/\/www.studiogera.de\/001\/wp-json\/wp\/v2\/tags?post=39367"}],"curies":[{"name":"wp","href":"https:\/\/api.w.org\/{rel}","templated":true}]}}