{"id":39369,"date":"2025-10-03T16:07:32","date_gmt":"2025-10-03T14:07:32","guid":{"rendered":"https:\/\/www.studiogera.de\/001\/?p=39369"},"modified":"2025-10-03T16:07:32","modified_gmt":"2025-10-03T14:07:32","slug":"erste-eindruecke-vom-hoehlerfest","status":"publish","type":"post","link":"https:\/\/www.studiogera.de\/001\/2025\/10\/03\/erste-eindruecke-vom-hoehlerfest\/","title":{"rendered":"ERSTE EINDR\u00dcCKE VOM H\u00d6HLERFEST"},"content":{"rendered":"\n<p>Das H\u00f6hlerfest erweist sich auch in diesem Jahr als ein gro\u00dfer Besuchermagnet. Zwischen Schlo\u00dfstra\u00dfe, Marktplatz und dem Platz am Kultur- und Kongresszentrum sind inzwischen recht viele Menschen unterwegs. Ein erdr\u00fcckendes Gedr\u00e4nge herrscht aber nicht. Der Strom bewegt sich langsam durch die Fu\u00dfg\u00e4ngerzonen. Mehrere Besucher nutzen die Terrasse des Kultur- und Kongresszentrums, um von dort aus das Geschehen auf dem Platz und der gro\u00dfen B\u00fchne zu beobachten. Viele freuen sich bereits auf den Auftritt der Rockmusikgruppe \u201eSilly\u201c um 22 Uhr.<\/p>\n","protected":false},"excerpt":{"rendered":"<div class=\"mh-excerpt\"><p>Das H\u00f6hlerfest erweist sich auch in diesem Jahr als ein gro\u00dfer Besuchermagnet. Zwischen Schlo\u00dfstra\u00dfe, Marktplatz und dem Platz am Kultur- und Kongresszentrum sind inzwischen recht viele Menschen unterwegs. Ein erdr\u00fcckendes Gedr\u00e4nge herrscht aber nicht. Der <a class=\"mh-excerpt-more\" href=\"https:\/\/www.studiogera.de\/001\/2025\/10\/03\/erste-eindruecke-vom-hoehlerfest\/\" title=\"ERSTE EINDR\u00dcCKE VOM H\u00d6HLERFEST\">[&#8230;]<\/a><\/p>\n<\/div>","protected":false},"author":2,"featured_media":39371,"comment_status":"open","ping_status":"open","sticky":false,"template":"","format":"standard","meta":{"footnotes":""},"categories":[16],"tags":[],"class_list":{"0":"post-39369","1":"post","2":"type-post","3":"status-publish","4":"format-standard","5":"has-post-thumbnail","7":"category-kurzmitteilungen"},"_links":{"self":[{"href":"https:\/\/www.studiogera.de\/001\/wp-json\/wp\/v2\/posts\/39369","targetHints":{"allow":["GET"]}}],"collection":[{"href":"https:\/\/www.studiogera.de\/001\/wp-json\/wp\/v2\/posts"}],"about":[{"href":"https:\/\/www.studiogera.de\/001\/wp-json\/wp\/v2\/types\/post"}],"author":[{"embeddable":true,"href":"https:\/\/www.studiogera.de\/001\/wp-json\/wp\/v2\/users\/2"}],"replies":[{"embeddable":true,"href":"https:\/\/www.studiogera.de\/001\/wp-json\/wp\/v2\/comments?post=39369"}],"version-history":[{"count":2,"href":"https:\/\/www.studiogera.de\/001\/wp-json\/wp\/v2\/posts\/39369\/revisions"}],"predecessor-version":[{"id":39372,"href":"https:\/\/www.studiogera.de\/001\/wp-json\/wp\/v2\/posts\/39369\/revisions\/39372"}],"wp:featuredmedia":[{"embeddable":true,"href":"https:\/\/www.studiogera.de\/001\/wp-json\/wp\/v2\/media\/39371"}],"wp:attachment":[{"href":"https:\/\/www.studiogera.de\/001\/wp-json\/wp\/v2\/media?parent=39369"}],"wp:term":[{"taxonomy":"category","embeddable":true,"href":"https:\/\/www.studiogera.de\/001\/wp-json\/wp\/v2\/categories?post=39369"},{"taxonomy":"post_tag","embeddable":true,"href":"https:\/\/www.studiogera.de\/001\/wp-json\/wp\/v2\/tags?post=39369"}],"curies":[{"name":"wp","href":"https:\/\/api.w.org\/{rel}","templated":true}]}}