{"id":39388,"date":"2025-10-04T23:00:28","date_gmt":"2025-10-04T21:00:28","guid":{"rendered":"https:\/\/www.studiogera.de\/001\/?p=39388"},"modified":"2025-10-04T23:00:28","modified_gmt":"2025-10-04T21:00:28","slug":"die-antifa-eine-unterschaetzte-gefahr","status":"publish","type":"post","link":"https:\/\/www.studiogera.de\/001\/2025\/10\/04\/die-antifa-eine-unterschaetzte-gefahr\/","title":{"rendered":"DIE ANTIFA \u2014 EINE UNTERSCH\u00c4TZTE GEFAHR"},"content":{"rendered":"\n<p>Mit dem Ziel, den Staat zu zerschlagen, marschierten am Freitag sch\u00e4tzungsweise 90 Teilnehmer einer sogenannten \u201eAntifaschistischen Aktion\u201c durch Gera. Der Tag und die Strecke wurden mit Bedacht gew\u00e4hlt. Es ging mit Blick auf einen ausgemachten Gegner um Dominanzgehabe im \u00f6ffentlichen Raum. Viele waren aus anderen Gegenden angereist. Das Motto der Versammlung und die doppeldeutigen Losungen zeigen, dass Bewegungen dieser Art alles andere als eine friedliche Auseinandersetzung in dieser bereits emotional aufgeladenen Zeit suchen. Sie nutzen die gesellschaftliche Polarisation, um ihre Feindbilder und den Rechts-Links-Konflikt in die gesellschaftliche Mitte zu tragen, w\u00e4hnen sich im Kampf und legen es auf eine Eskalation an. Bestimmte Begriffe und Symbole werden dabei so verwendet, dass sie wie eine Zielscheibe wirken \u2014 in der Hoffnung, dass es irgendjemand irgendwann als Aufforderung versteht \u201eendlich ins Handeln zu kommen\u201c. Parallele Radikalisierungskurse, getarnt als Kulturveranstaltung, zeigen, wie man sich emotional hochschaukelt, Mut antrainiert und dann seiner Wut Ausdruck verleiht. Mit dem Wort \u201eradikal\u201c hat man inzwischen keine Probleme mehr. Es geh\u00f6rt zur Identit\u00e4t dieser Bewegung. Demonstranten, die sich wie Terroristen kleiden und Musik mit gewaltverherrlichenden Texten abspielen, zeigen jedem, der vom Stra\u00dfenrand aus zuschaut, welche Mittel der Auseinandersetzung hier favorisiert werden. Damit werden die Gegner der Gegner genau zu dem, was sie zu bek\u00e4mpfen vorgeben.<\/p>\n\n\n\n<p>Dass sich die meisten Geraer von solchen Versammlungen fernhalten, sollte niemanden verwundern. Allein die Fahnen der linksprogressiven Extremisten haben eine starke abschreckende Wirkung. Sie stehen f\u00fcr den Eintritt in eine Eskalationsspirale, die in einen B\u00fcrgerkrieg m\u00fcndet, wenn man den Narrativen der Randgruppen folgt. Die Einteilung der Welt in Unterdr\u00fccker und Unterdr\u00fcckte, Etiketten wie Nazis und Kapitalisten zeigen, dass auch auf dieser Seite recht einfache Denkstrukturen vorherrschen. Die Initiatoren der Aufz\u00fcge wollen nicht reden, sondern ihre aktivistischen Triebe ausleben und zeigen, wie viele Menschen sie auf die Stra\u00dfe bringen k\u00f6nnen. Das kann im Spannungsfeld unterschiedlicher politischer Standpunkte, in dem das Gef\u00fchl f\u00fcr Grenzen verloren geht, sehr gef\u00e4hrlich werden.<\/p>\n","protected":false},"excerpt":{"rendered":"<div class=\"mh-excerpt\"><p>Mit dem Ziel, den Staat zu zerschlagen, marschierten am Freitag sch\u00e4tzungsweise 90 Teilnehmer einer sogenannten \u201eAntifaschistischen Aktion\u201c durch Gera. Der Tag und die Strecke wurden mit Bedacht gew\u00e4hlt. Es ging mit Blick auf einen ausgemachten <a class=\"mh-excerpt-more\" href=\"https:\/\/www.studiogera.de\/001\/2025\/10\/04\/die-antifa-eine-unterschaetzte-gefahr\/\" title=\"DIE ANTIFA \u2014 EINE UNTERSCH\u00c4TZTE GEFAHR\">[&#8230;]<\/a><\/p>\n<\/div>","protected":false},"author":2,"featured_media":39390,"comment_status":"open","ping_status":"open","sticky":false,"template":"","format":"standard","meta":{"footnotes":""},"categories":[6],"tags":[],"class_list":{"0":"post-39388","1":"post","2":"type-post","3":"status-publish","4":"format-standard","5":"has-post-thumbnail","7":"category-gesellschaft"},"_links":{"self":[{"href":"https:\/\/www.studiogera.de\/001\/wp-json\/wp\/v2\/posts\/39388","targetHints":{"allow":["GET"]}}],"collection":[{"href":"https:\/\/www.studiogera.de\/001\/wp-json\/wp\/v2\/posts"}],"about":[{"href":"https:\/\/www.studiogera.de\/001\/wp-json\/wp\/v2\/types\/post"}],"author":[{"embeddable":true,"href":"https:\/\/www.studiogera.de\/001\/wp-json\/wp\/v2\/users\/2"}],"replies":[{"embeddable":true,"href":"https:\/\/www.studiogera.de\/001\/wp-json\/wp\/v2\/comments?post=39388"}],"version-history":[{"count":2,"href":"https:\/\/www.studiogera.de\/001\/wp-json\/wp\/v2\/posts\/39388\/revisions"}],"predecessor-version":[{"id":39391,"href":"https:\/\/www.studiogera.de\/001\/wp-json\/wp\/v2\/posts\/39388\/revisions\/39391"}],"wp:featuredmedia":[{"embeddable":true,"href":"https:\/\/www.studiogera.de\/001\/wp-json\/wp\/v2\/media\/39390"}],"wp:attachment":[{"href":"https:\/\/www.studiogera.de\/001\/wp-json\/wp\/v2\/media?parent=39388"}],"wp:term":[{"taxonomy":"category","embeddable":true,"href":"https:\/\/www.studiogera.de\/001\/wp-json\/wp\/v2\/categories?post=39388"},{"taxonomy":"post_tag","embeddable":true,"href":"https:\/\/www.studiogera.de\/001\/wp-json\/wp\/v2\/tags?post=39388"}],"curies":[{"name":"wp","href":"https:\/\/api.w.org\/{rel}","templated":true}]}}